{"id":7150,"date":"2023-01-30T12:42:00","date_gmt":"2023-01-30T11:42:00","guid":{"rendered":"https:\/\/www.lacgtmontreuil.fr\/?p=7150"},"modified":"2023-09-11T12:11:18","modified_gmt":"2023-09-11T10:11:18","slug":"je-tu-ul-n432-les-licenciements-du-coeur","status":"publish","type":"post","link":"https:\/\/www.lacgtmontreuil.fr\/?p=7150","title":{"rendered":"Je, Tu, UL n\u00b0432 &#8211; LES LICENCIEMENTS DU COEUR"},"content":{"rendered":"\n<p>23, rue Emile Beaufils&nbsp;\u2013&nbsp;<strong>Aux JARDINS DU&nbsp;C\u0152UR<\/strong>,&nbsp;l\u2019association d\u00e9partementale des RESTOS DU&nbsp;C\u0152UR, la direction s\u2019acharne contre l\u2019activit\u00e9 d\u2019insertion d\u00e9ploy\u00e9e \u00e0 Montreuil, o\u00f9 elle voudrait implanter, malgr\u00e9 la r\u00e9sistance des salari\u00e9-e-s, une structure sponsoris\u00e9e par Kylian MBAPPE. Afin de faciliter ce nettoyage, notre camarade Thierry MONTFORT est convoqu\u00e9 mardi 24 en vue d\u2019un licenciement. Sa faute ? Avoir r\u00e9clam\u00e9 des \u00e9lections professionnelles&#8230;<\/p>\n","protected":false},"excerpt":{"rendered":"<p>23, rue Emile Beaufils&nbsp;\u2013&nbsp;Aux JARDINS DU&nbsp;C\u0152UR,&nbsp;l\u2019association d\u00e9partementale des RESTOS DU&nbsp;C\u0152UR, la direction s\u2019acharne contre l\u2019activit\u00e9 d\u2019insertion d\u00e9ploy\u00e9e \u00e0 Montreuil, o\u00f9 elle voudrait implanter, malgr\u00e9 la r\u00e9sistance des salari\u00e9-e-s, une structure sponsoris\u00e9e par Kylian MBAPPE. Afin de faciliter ce nettoyage, notre camarade Thierry MONTFORT est convoqu\u00e9 mardi 24 en vue d\u2019un licenciement. Sa faute ? Avoir &hellip; <\/p>\n","protected":false},"author":1,"featured_media":0,"comment_status":"closed","ping_status":"open","sticky":false,"template":"","format":"standard","meta":{"footnotes":""},"categories":[2],"tags":[],"class_list":{"0":"entry","1":"post","2":"publish","3":"author-ulmontreuil","4":"post-7150","6":"format-standard","7":"category-je-tu-ul"},"_links":{"self":[{"href":"https:\/\/www.lacgtmontreuil.fr\/index.php?rest_route=\/wp\/v2\/posts\/7150","targetHints":{"allow":["GET"]}}],"collection":[{"href":"https:\/\/www.lacgtmontreuil.fr\/index.php?rest_route=\/wp\/v2\/posts"}],"about":[{"href":"https:\/\/www.lacgtmontreuil.fr\/index.php?rest_route=\/wp\/v2\/types\/post"}],"author":[{"embeddable":true,"href":"https:\/\/www.lacgtmontreuil.fr\/index.php?rest_route=\/wp\/v2\/users\/1"}],"replies":[{"embeddable":true,"href":"https:\/\/www.lacgtmontreuil.fr\/index.php?rest_route=%2Fwp%2Fv2%2Fcomments&post=7150"}],"version-history":[{"count":2,"href":"https:\/\/www.lacgtmontreuil.fr\/index.php?rest_route=\/wp\/v2\/posts\/7150\/revisions"}],"predecessor-version":[{"id":7844,"href":"https:\/\/www.lacgtmontreuil.fr\/index.php?rest_route=\/wp\/v2\/posts\/7150\/revisions\/7844"}],"wp:attachment":[{"href":"https:\/\/www.lacgtmontreuil.fr\/index.php?rest_route=%2Fwp%2Fv2%2Fmedia&parent=7150"}],"wp:term":[{"taxonomy":"category","embeddable":true,"href":"https:\/\/www.lacgtmontreuil.fr\/index.php?rest_route=%2Fwp%2Fv2%2Fcategories&post=7150"},{"taxonomy":"post_tag","embeddable":true,"href":"https:\/\/www.lacgtmontreuil.fr\/index.php?rest_route=%2Fwp%2Fv2%2Ftags&post=7150"}],"curies":[{"name":"wp","href":"https:\/\/api.w.org\/{rel}","templated":true}]}}