{"id":715,"date":"2018-02-14T10:52:21","date_gmt":"2018-02-14T09:52:21","guid":{"rendered":"http:\/\/www.lacgtmontreuil.fr\/?p=715"},"modified":"2018-02-14T10:52:21","modified_gmt":"2018-02-14T09:52:21","slug":"je-tu-ul-debut-juillet-2012-n-103","status":"publish","type":"post","link":"https:\/\/www.lacgtmontreuil.fr\/?p=715","title":{"rendered":"Je, Tu, UL\u2026  D\u00e9but Juillet 2012  N\u00b0 103"},"content":{"rendered":"<p><strong> Les br\u00e8ves de l\u2019UL CGT de Montreuil, 24, rue de Paris<\/strong><\/p>\n<p><img loading=\"lazy\" decoding=\"async\" width=\"109\" height=\"155\" class=\"wp-image-716\" src=\"https:\/\/www.lacgtmontreuil.fr\/wp-content\/uploads\/2018\/02\/logo_cgt-63.jpeg\" alt=\"logo_cgt\" \/>\u00a0\u00a0 <strong>Je, Tu, UL\u2026\u00a0 D\u00e9but Juillet 2012\u00a0 N\u00b0 103<\/strong><\/p>\n<p><em>\u00ab\u00a0Les march\u00e9s gouvernent\u00a0: je n\u2019ai pas vot\u00e9 pour eux\u00a0!\u00a0\u00bb.<\/em><\/p>\n<p><strong>L\u2019H\u00d4PITAL MALADE DE LA DETTE :<\/strong> 56, boulevard de la Boissi\u00e8re \u2013 Sale temps pour l\u2019h\u00f4pital Andr\u00e9 Gr\u00e9goire rattrap\u00e9 par ses emprunts toxiques index\u00e9s sur le franc suisse. A son tour, il est menac\u00e9 de cessation de paiement au point que le Tr\u00e9sor Public pr\u00e9conise une aide exceptionnelle de 13 M\u20ac pour 2012\u2026 sans pr\u00e9juger d\u2019un retour \u00e0 l\u2019\u00e9quilibre. Un Comit\u00e9 de D\u00e9fense de l\u2019H\u00f4pital de Montreuil se met en place avec les syndicats du personnel, les usagers et les \u00e9lus intercommunaux, pour sauvegarder l\u2019activit\u00e9 du CHS et assurer sa p\u00e9rennit\u00e9.<\/p>\n<p><strong>PAPOUILLE FOUT LA TROUILLE\u00a0:<\/strong> 71 bis, rue Ernest Savart \u2013 L\u2019entreprise de pu\u00e9riculture PAPOUILLE vient d\u2019annoncer, \u00e0 la veille des d\u00e9parts en cong\u00e9s, sa d\u00e9localisation en Picardie. Un salari\u00e9 qui proteste est aussit\u00f4t agress\u00e9 par le conjoint de la patronne et malgr\u00e9 le lock-out imm\u00e9diat, la totalit\u00e9 des salari\u00e9s \u2013 sauf un \u2013 refuse ce transfert \u00e9conomiquement injustifi\u00e9.<\/p>\n<p><strong>LA RAGE \u00c1 LA R\u00c9GIE:<\/strong> 3, rue Montaigne \u2013 La R\u00e9gie de Quartier exp\u00e9rimente actuellement le principe selon lequel quand on veut se d\u00e9barrasser de son chien, on l\u2019accuse d\u2019avoir la rage. La R\u00e9gie est en effet en cours de d\u00e9capitation, avec la mise \u00e0 pied de son directeur, la rupture conventionnelle de la charg\u00e9e d\u2019insertion et la tentative renouvel\u00e9e de licencier la coordinatrice, notre camarade Fabienne LE MARREC, en attente de la d\u00e9cision du Minist\u00e8re sur son sort. La mise \u00e0 mort de la R\u00e9gie de Quartier semble donc bien engag\u00e9e\u2026<\/p>\n<p><strong>LEVRAT D\u00c9VISSE\u00a0:<\/strong> 52, rue de la Ferme \u2013 Implant\u00e9e \u00e0 Montreuil depuis 1923, l\u2019entreprise de vis et boulons LEVRAT se d\u00e9localise aussi cet \u00e9t\u00e9 dans la Sarthe. Somm\u00e9 de suivre, le personnel refuse dans sa grande majorit\u00e9\u00a0: du coup, le transfert annonc\u00e9 pour le 1<sup>er<\/sup> septembre semble compromis pour la direction\u2026 qui sollicite le maintien \u00e0 Montreuil de plusieurs salari\u00e9s qu\u2019elle envisageait de licencier en juillet. Seule exception\u00a0: une salari\u00e9e en cong\u00e9 parentale\u2026 donc inutile pour le d\u00e9m\u00e9nagement\u00a0!<\/p>\n<p><strong>HARCELER MOINS SANS ALLER LOIN:<\/strong> 1, place Fran\u00e7ois Mitterrand \u2013 Au G20 \u00e0 l\u2019enseigne Hatakh, la p\u00e9tition contre le harc\u00e8lement sexuel dont ont \u00e9t\u00e9 victimes Dounia et Kahina fait son chemin. L\u2019UL-CGT et la Maison des Femmes de Montreuil ont adress\u00e9 les premi\u00e8res signatures \u00e0 Mesdames TAUBIRA et VALLAUD-BELKACEM, ministres de la justice et du Droit des Femmes, sans oublier Monsieur SAPIN en charge du Travail\u00a0: le \u00ab\u00a0vide juridique\u00a0\u00bb n\u2019attendra pas le retour des cong\u00e9s.<\/p>\n","protected":false},"excerpt":{"rendered":"<p>Les br\u00e8ves de l\u2019UL CGT de Montreuil, 24, rue de Paris \u00a0\u00a0 Je, Tu, UL\u2026\u00a0 D\u00e9but Juillet 2012\u00a0 N\u00b0 103 \u00ab\u00a0Les march\u00e9s gouvernent\u00a0: je n\u2019ai pas vot\u00e9 pour eux\u00a0!\u00a0\u00bb. L\u2019H\u00d4PITAL MALADE DE LA DETTE : 56, boulevard de la Boissi\u00e8re \u2013 Sale temps pour l\u2019h\u00f4pital Andr\u00e9 Gr\u00e9goire rattrap\u00e9 par ses emprunts toxiques index\u00e9s sur le &hellip; <\/p>\n","protected":false},"author":1,"featured_media":0,"comment_status":"closed","ping_status":"open","sticky":false,"template":"","format":"standard","meta":{"footnotes":""},"categories":[2],"tags":[],"class_list":{"0":"entry","1":"post","2":"publish","3":"author-ulmontreuil","4":"post-715","6":"format-standard","7":"category-je-tu-ul"},"_links":{"self":[{"href":"https:\/\/www.lacgtmontreuil.fr\/index.php?rest_route=\/wp\/v2\/posts\/715","targetHints":{"allow":["GET"]}}],"collection":[{"href":"https:\/\/www.lacgtmontreuil.fr\/index.php?rest_route=\/wp\/v2\/posts"}],"about":[{"href":"https:\/\/www.lacgtmontreuil.fr\/index.php?rest_route=\/wp\/v2\/types\/post"}],"author":[{"embeddable":true,"href":"https:\/\/www.lacgtmontreuil.fr\/index.php?rest_route=\/wp\/v2\/users\/1"}],"replies":[{"embeddable":true,"href":"https:\/\/www.lacgtmontreuil.fr\/index.php?rest_route=%2Fwp%2Fv2%2Fcomments&post=715"}],"version-history":[{"count":1,"href":"https:\/\/www.lacgtmontreuil.fr\/index.php?rest_route=\/wp\/v2\/posts\/715\/revisions"}],"predecessor-version":[{"id":717,"href":"https:\/\/www.lacgtmontreuil.fr\/index.php?rest_route=\/wp\/v2\/posts\/715\/revisions\/717"}],"wp:attachment":[{"href":"https:\/\/www.lacgtmontreuil.fr\/index.php?rest_route=%2Fwp%2Fv2%2Fmedia&parent=715"}],"wp:term":[{"taxonomy":"category","embeddable":true,"href":"https:\/\/www.lacgtmontreuil.fr\/index.php?rest_route=%2Fwp%2Fv2%2Fcategories&post=715"},{"taxonomy":"post_tag","embeddable":true,"href":"https:\/\/www.lacgtmontreuil.fr\/index.php?rest_route=%2Fwp%2Fv2%2Ftags&post=715"}],"curies":[{"name":"wp","href":"https:\/\/api.w.org\/{rel}","templated":true}]}}