{"id":7129,"date":"2023-01-30T11:39:00","date_gmt":"2023-01-30T10:39:00","guid":{"rendered":"https:\/\/www.lacgtmontreuil.fr\/?p=7129"},"modified":"2023-09-11T12:11:12","modified_gmt":"2023-09-11T10:11:12","slug":"je-tu-ul-n432-tous-ensemble","status":"publish","type":"post","link":"https:\/\/www.lacgtmontreuil.fr\/?p=7129","title":{"rendered":"Je, Tu, UL n\u00b0432 &#8211; TOUS ENSEMBLE"},"content":{"rendered":"\n<p>place Aim\u00e9 C\u00e9saire&nbsp;\u2013&nbsp;Jeudi 19 janvier \u00e0 13h00, au d\u00e9part montreuillois pour la manifestation parisienne, ce sont 800 protestataires (400 selon la police) qui ont d\u00e9fil\u00e9 jusqu\u2019\u00e0 Vincennes. Avec un \u00e9mouvant rappel au micro des nombreux territoriaux qui nous ont quitt\u00e9 avant ou juste apr\u00e8s leur d\u00e9part en retraite, pour rappeler la p\u00e9nibilit\u00e9 des m\u00e9tiers et l\u2019urgence \u00e0 revenir \u00e0 une retraite \u00e0 taux plein, d\u00e8s 60 ans. Dans le priv\u00e9, une soixantaine d\u2019entreprises montreuilloises ont connu des gr\u00e8ves, de BNP PARIBAS jusqu\u2019aux plus petites structures, avec la pr\u00e9sence remarqu\u00e9e dans le cort\u00e8ge de nombreux primo-manifestants.<\/p>\n","protected":false},"excerpt":{"rendered":"<p>place Aim\u00e9 C\u00e9saire&nbsp;\u2013&nbsp;Jeudi 19 janvier \u00e0 13h00, au d\u00e9part montreuillois pour la manifestation parisienne, ce sont 800 protestataires (400 selon la police) qui ont d\u00e9fil\u00e9 jusqu\u2019\u00e0 Vincennes. Avec un \u00e9mouvant rappel au micro des nombreux territoriaux qui nous ont quitt\u00e9 avant ou juste apr\u00e8s leur d\u00e9part en retraite, pour rappeler la p\u00e9nibilit\u00e9 des m\u00e9tiers et &hellip; <\/p>\n","protected":false},"author":1,"featured_media":0,"comment_status":"closed","ping_status":"open","sticky":false,"template":"","format":"standard","meta":{"footnotes":""},"categories":[2],"tags":[],"class_list":{"0":"entry","1":"post","2":"publish","3":"author-ulmontreuil","4":"post-7129","6":"format-standard","7":"category-je-tu-ul"},"_links":{"self":[{"href":"https:\/\/www.lacgtmontreuil.fr\/index.php?rest_route=\/wp\/v2\/posts\/7129","targetHints":{"allow":["GET"]}}],"collection":[{"href":"https:\/\/www.lacgtmontreuil.fr\/index.php?rest_route=\/wp\/v2\/posts"}],"about":[{"href":"https:\/\/www.lacgtmontreuil.fr\/index.php?rest_route=\/wp\/v2\/types\/post"}],"author":[{"embeddable":true,"href":"https:\/\/www.lacgtmontreuil.fr\/index.php?rest_route=\/wp\/v2\/users\/1"}],"replies":[{"embeddable":true,"href":"https:\/\/www.lacgtmontreuil.fr\/index.php?rest_route=%2Fwp%2Fv2%2Fcomments&post=7129"}],"version-history":[{"count":2,"href":"https:\/\/www.lacgtmontreuil.fr\/index.php?rest_route=\/wp\/v2\/posts\/7129\/revisions"}],"predecessor-version":[{"id":7141,"href":"https:\/\/www.lacgtmontreuil.fr\/index.php?rest_route=\/wp\/v2\/posts\/7129\/revisions\/7141"}],"wp:attachment":[{"href":"https:\/\/www.lacgtmontreuil.fr\/index.php?rest_route=%2Fwp%2Fv2%2Fmedia&parent=7129"}],"wp:term":[{"taxonomy":"category","embeddable":true,"href":"https:\/\/www.lacgtmontreuil.fr\/index.php?rest_route=%2Fwp%2Fv2%2Fcategories&post=7129"},{"taxonomy":"post_tag","embeddable":true,"href":"https:\/\/www.lacgtmontreuil.fr\/index.php?rest_route=%2Fwp%2Fv2%2Ftags&post=7129"}],"curies":[{"name":"wp","href":"https:\/\/api.w.org\/{rel}","templated":true}]}}