{"id":7123,"date":"2023-01-15T12:38:00","date_gmt":"2023-01-15T11:38:00","guid":{"rendered":"https:\/\/www.lacgtmontreuil.fr\/?p=7123"},"modified":"2023-09-11T12:11:06","modified_gmt":"2023-09-11T10:11:06","slug":"je-tu-ul-n431-preavis-commun","status":"publish","type":"post","link":"https:\/\/www.lacgtmontreuil.fr\/?p=7123","title":{"rendered":"Je, Tu, UL n\u00b0431 &#8211; PR\u00c9AVIS COMMUN"},"content":{"rendered":"\n<p>11, rue de Rosny \u2013 A la <strong>CAMIEG<\/strong>, campagne \u00e9lectorale ou pas en vue des \u00e9lections professionnelles du mois prochain, les 2 d\u00e9l\u00e9gu\u00e9es syndicales FO et CGT concurrentes d\u00e9posent un pr\u00e9avis de gr\u00e8ve commun pour le 19 janvier. La caisse des \u00e9lectriciens et gaziers est, il est vrai, dans l\u2019\u0153il du cyclone \u00e0 chaque tentative gouvernementale de s\u2019attaquer aux r\u00e9gimes sp\u00e9ciaux.<\/p>\n","protected":false},"excerpt":{"rendered":"<p>11, rue de Rosny \u2013 A la CAMIEG, campagne \u00e9lectorale ou pas en vue des \u00e9lections professionnelles du mois prochain, les 2 d\u00e9l\u00e9gu\u00e9es syndicales FO et CGT concurrentes d\u00e9posent un pr\u00e9avis de gr\u00e8ve commun pour le 19 janvier. La caisse des \u00e9lectriciens et gaziers est, il est vrai, dans l\u2019\u0153il du cyclone \u00e0 chaque tentative &hellip; <\/p>\n","protected":false},"author":1,"featured_media":0,"comment_status":"closed","ping_status":"open","sticky":false,"template":"","format":"standard","meta":{"footnotes":""},"categories":[2],"tags":[],"class_list":{"0":"entry","1":"post","2":"publish","3":"author-ulmontreuil","4":"post-7123","6":"format-standard","7":"category-je-tu-ul"},"_links":{"self":[{"href":"https:\/\/www.lacgtmontreuil.fr\/index.php?rest_route=\/wp\/v2\/posts\/7123","targetHints":{"allow":["GET"]}}],"collection":[{"href":"https:\/\/www.lacgtmontreuil.fr\/index.php?rest_route=\/wp\/v2\/posts"}],"about":[{"href":"https:\/\/www.lacgtmontreuil.fr\/index.php?rest_route=\/wp\/v2\/types\/post"}],"author":[{"embeddable":true,"href":"https:\/\/www.lacgtmontreuil.fr\/index.php?rest_route=\/wp\/v2\/users\/1"}],"replies":[{"embeddable":true,"href":"https:\/\/www.lacgtmontreuil.fr\/index.php?rest_route=%2Fwp%2Fv2%2Fcomments&post=7123"}],"version-history":[{"count":1,"href":"https:\/\/www.lacgtmontreuil.fr\/index.php?rest_route=\/wp\/v2\/posts\/7123\/revisions"}],"predecessor-version":[{"id":7126,"href":"https:\/\/www.lacgtmontreuil.fr\/index.php?rest_route=\/wp\/v2\/posts\/7123\/revisions\/7126"}],"wp:attachment":[{"href":"https:\/\/www.lacgtmontreuil.fr\/index.php?rest_route=%2Fwp%2Fv2%2Fmedia&parent=7123"}],"wp:term":[{"taxonomy":"category","embeddable":true,"href":"https:\/\/www.lacgtmontreuil.fr\/index.php?rest_route=%2Fwp%2Fv2%2Fcategories&post=7123"},{"taxonomy":"post_tag","embeddable":true,"href":"https:\/\/www.lacgtmontreuil.fr\/index.php?rest_route=%2Fwp%2Fv2%2Ftags&post=7123"}],"curies":[{"name":"wp","href":"https:\/\/api.w.org\/{rel}","templated":true}]}}