{"id":712,"date":"2018-02-14T10:50:36","date_gmt":"2018-02-14T09:50:36","guid":{"rendered":"http:\/\/www.lacgtmontreuil.fr\/?p=712"},"modified":"2018-02-14T10:50:36","modified_gmt":"2018-02-14T09:50:36","slug":"je-tu-ul-fin-juin-2012-n-102","status":"publish","type":"post","link":"https:\/\/www.lacgtmontreuil.fr\/?p=712","title":{"rendered":"Je, Tu, UL\u2026  Fin Juin 2012  N\u00b0 102"},"content":{"rendered":"<p><strong> Les br\u00e8ves de l\u2019UL CGT de Montreuil, 24, rue de Paris<\/strong><\/p>\n<p><img loading=\"lazy\" decoding=\"async\" width=\"109\" height=\"155\" class=\"wp-image-713\" src=\"https:\/\/www.lacgtmontreuil.fr\/wp-content\/uploads\/2018\/02\/logo_cgt-62.jpeg\" alt=\"logo_cgt\" \/>\u00a0\u00a0 <strong>Je, Tu, UL\u2026\u00a0 Fin Juin 2012\u00a0 N\u00b0 102<\/strong><\/p>\n<p><em>\u00ab\u00a0SMIC avec un C pour Croissance\u2026 ou pour Clopinettes\u00a0?\u00a0\u00bb.<\/em><\/p>\n<p><strong>CHAUFFE M\u2019HARCELE:<\/strong> 1, place Fran\u00e7ois Mitterrand \u2013 Devant le magasin G20, c\u2019est une mobilisation en trois actes que les montreuillois-e-s ont r\u00e9serv\u00e9 aux harceleurs de tout poil, \u00e0 l\u2019appel de l\u2019UL-CGT et de la Maison des Femmes de Montreuil. Samedi 23, une cinquantaine de manifestant-e-s en soutien \u00e0 Dounia et Kahina qui ont d\u00e9pos\u00e9 plainte pour harc\u00e8lement sexuel\u00a0; lundi 25, un accompagnement nombreux pour leur convocation \u00e0 un entretien pr\u00e9alable\u2026 que l\u2019employeur a interrompu\u00a0; et depuis, une p\u00e9tition qui circule exigeant la condamnation de tels agissements.<\/p>\n<p><strong>LA TERRITORIALE S\u2019AFFIRME:<\/strong> Parc Montreau \u2013 Le syndicat CGT des Territoriaux tenait son 23<sup>e<\/sup> congr\u00e8s les 28 et 29 juin avec une cinquantaine de d\u00e9l\u00e9gu\u00e9-e-s repr\u00e9sentant les divers services de la Ville de Montreuil. Et c\u2019est une nouvelle C.E. f\u00e9minis\u00e9e qui ressort des votes du congr\u00e8s, avec pour secr\u00e9taire g\u00e9n\u00e9rale Claire HUOT, adjointe Sandra LEFLOCH, tr\u00e9sorier Laurent GRIMONPREZ et tr\u00e9sori\u00e8re adjointe Catherine CHASTAING.<\/p>\n<p><strong>L\u2019AFPA PAS RASSUR\u00c9E:<\/strong> 13, Place du G\u00e9n\u00e9ral de Gaulle \u2013 L\u2019AFPA reste sous la menace d\u2019une cessation de paiement, en d\u00e9pit de la rencontre du 19 juin dernier avec Michel Sapin, le ministre de tutelle. Aux syndicats \u2013 ainsi qu\u2019aux gr\u00e9vistes venus nombreux \u2013 il a \u00e9t\u00e9 r\u00e9pondu que les engagements financiers de l\u2019Etat et des r\u00e9gions seraient au menu de la Conf\u00e9rence sociale des 9 et 10 juillet prochain. La CGT r\u00e9it\u00e8re donc ses craintes pour l\u2019avenir.<\/p>\n<p><strong>LA CGT EN T\u00caTE CHEZ TOTO\u00a0:<\/strong> 230, rue de Paris \u2013 La CGT devient la premi\u00e8re organisation syndicale dans les magasins TOTO, avec 102 voix au CE sur 206 inscrits. Pour l\u2019\u00e9lection des d\u00e9l\u00e9gu\u00e9s du personnel, la CGT obtient 7 si\u00e8ges de titulaires contre 3 \u00e0 FO et 0 pour la CGC. Dans la foul\u00e9e, le syndicat CGT TOTO-NEUFTEX a d\u00e9cid\u00e9 de tenir congr\u00e8s et de r\u00e9\u00e9lire notre camarade Herv\u00e9 SCHEBATH comme secr\u00e9taire g\u00e9n\u00e9ral\u00a0: c\u2019est plus simple qu\u2019\u00e0 la conf\u00e9d\u00e9ration\u00a0!<\/p>\n<p><strong>MISSION LOCALE, PAS M\u00c9DICALE:<\/strong> 15, avenue de la R\u00e9sistance \u2013 Pour ne plus travailler dans un air satur\u00e9 de poussi\u00e8res noires et subir des allergies, les secr\u00e9taires de la MISSION LOCALE POUR L\u2019EMPLOI avaient fait valoir leur droit de retrait des bureaux insalubres\u00a0: action efficace puisqu\u2019une solution provisoire vient d\u2019\u00eatre am\u00e9nag\u00e9e et que la SEMINO, propri\u00e9taire des lieux, doit intervenir \u00e0 la mi-juillet.<\/p>\n","protected":false},"excerpt":{"rendered":"<p>Les br\u00e8ves de l\u2019UL CGT de Montreuil, 24, rue de Paris \u00a0\u00a0 Je, Tu, UL\u2026\u00a0 Fin Juin 2012\u00a0 N\u00b0 102 \u00ab\u00a0SMIC avec un C pour Croissance\u2026 ou pour Clopinettes\u00a0?\u00a0\u00bb. CHAUFFE M\u2019HARCELE: 1, place Fran\u00e7ois Mitterrand \u2013 Devant le magasin G20, c\u2019est une mobilisation en trois actes que les montreuillois-e-s ont r\u00e9serv\u00e9 aux harceleurs de tout &hellip; <\/p>\n","protected":false},"author":1,"featured_media":0,"comment_status":"closed","ping_status":"open","sticky":false,"template":"","format":"standard","meta":{"footnotes":""},"categories":[2],"tags":[],"class_list":{"0":"entry","1":"post","2":"publish","3":"author-ulmontreuil","4":"post-712","6":"format-standard","7":"category-je-tu-ul"},"_links":{"self":[{"href":"https:\/\/www.lacgtmontreuil.fr\/index.php?rest_route=\/wp\/v2\/posts\/712","targetHints":{"allow":["GET"]}}],"collection":[{"href":"https:\/\/www.lacgtmontreuil.fr\/index.php?rest_route=\/wp\/v2\/posts"}],"about":[{"href":"https:\/\/www.lacgtmontreuil.fr\/index.php?rest_route=\/wp\/v2\/types\/post"}],"author":[{"embeddable":true,"href":"https:\/\/www.lacgtmontreuil.fr\/index.php?rest_route=\/wp\/v2\/users\/1"}],"replies":[{"embeddable":true,"href":"https:\/\/www.lacgtmontreuil.fr\/index.php?rest_route=%2Fwp%2Fv2%2Fcomments&post=712"}],"version-history":[{"count":1,"href":"https:\/\/www.lacgtmontreuil.fr\/index.php?rest_route=\/wp\/v2\/posts\/712\/revisions"}],"predecessor-version":[{"id":714,"href":"https:\/\/www.lacgtmontreuil.fr\/index.php?rest_route=\/wp\/v2\/posts\/712\/revisions\/714"}],"wp:attachment":[{"href":"https:\/\/www.lacgtmontreuil.fr\/index.php?rest_route=%2Fwp%2Fv2%2Fmedia&parent=712"}],"wp:term":[{"taxonomy":"category","embeddable":true,"href":"https:\/\/www.lacgtmontreuil.fr\/index.php?rest_route=%2Fwp%2Fv2%2Fcategories&post=712"},{"taxonomy":"post_tag","embeddable":true,"href":"https:\/\/www.lacgtmontreuil.fr\/index.php?rest_route=%2Fwp%2Fv2%2Ftags&post=712"}],"curies":[{"name":"wp","href":"https:\/\/api.w.org\/{rel}","templated":true}]}}