{"id":7117,"date":"2023-01-15T12:37:00","date_gmt":"2023-01-15T11:37:00","guid":{"rendered":"https:\/\/www.lacgtmontreuil.fr\/?p=7117"},"modified":"2023-09-11T12:11:03","modified_gmt":"2023-09-11T10:11:03","slug":"je-tu-ul-n431-union-dans-larchipel","status":"publish","type":"post","link":"https:\/\/www.lacgtmontreuil.fr\/?p=7117","title":{"rendered":"Je, Tu, UL n\u00b0431 &#8211; UNION DANS L\u2019ARCHIPEL"},"content":{"rendered":"\n<p>12, rue Emile Beaufils \u2013 L\u2019association <strong>ARCHIPEL<\/strong> qui g\u00e8re l\u2019IME Jean Mac\u00e9 avait donn\u00e9 \u00e0 la CGT une repr\u00e9sentativit\u00e9 de 100% en fin d\u2019ann\u00e9e derni\u00e8re. C\u2019est donc tout logiquement que notre camarade Fran\u00e7ois BRETON vient d\u2019\u00eatre reconduit comme d\u00e9l\u00e9gu\u00e9 syndical CGT, et l\u2019appel \u00e0 la gr\u00e8ve du 19 janvier largement relay\u00e9 parmi le personnel.<\/p>\n","protected":false},"excerpt":{"rendered":"<p>12, rue Emile Beaufils \u2013 L\u2019association ARCHIPEL qui g\u00e8re l\u2019IME Jean Mac\u00e9 avait donn\u00e9 \u00e0 la CGT une repr\u00e9sentativit\u00e9 de 100% en fin d\u2019ann\u00e9e derni\u00e8re. C\u2019est donc tout logiquement que notre camarade Fran\u00e7ois BRETON vient d\u2019\u00eatre reconduit comme d\u00e9l\u00e9gu\u00e9 syndical CGT, et l\u2019appel \u00e0 la gr\u00e8ve du 19 janvier largement relay\u00e9 parmi le personnel.<\/p>\n","protected":false},"author":1,"featured_media":0,"comment_status":"closed","ping_status":"open","sticky":false,"template":"","format":"standard","meta":{"footnotes":""},"categories":[2],"tags":[],"class_list":{"0":"entry","1":"post","2":"publish","3":"author-ulmontreuil","4":"post-7117","6":"format-standard","7":"category-je-tu-ul"},"_links":{"self":[{"href":"https:\/\/www.lacgtmontreuil.fr\/index.php?rest_route=\/wp\/v2\/posts\/7117","targetHints":{"allow":["GET"]}}],"collection":[{"href":"https:\/\/www.lacgtmontreuil.fr\/index.php?rest_route=\/wp\/v2\/posts"}],"about":[{"href":"https:\/\/www.lacgtmontreuil.fr\/index.php?rest_route=\/wp\/v2\/types\/post"}],"author":[{"embeddable":true,"href":"https:\/\/www.lacgtmontreuil.fr\/index.php?rest_route=\/wp\/v2\/users\/1"}],"replies":[{"embeddable":true,"href":"https:\/\/www.lacgtmontreuil.fr\/index.php?rest_route=%2Fwp%2Fv2%2Fcomments&post=7117"}],"version-history":[{"count":1,"href":"https:\/\/www.lacgtmontreuil.fr\/index.php?rest_route=\/wp\/v2\/posts\/7117\/revisions"}],"predecessor-version":[{"id":7120,"href":"https:\/\/www.lacgtmontreuil.fr\/index.php?rest_route=\/wp\/v2\/posts\/7117\/revisions\/7120"}],"wp:attachment":[{"href":"https:\/\/www.lacgtmontreuil.fr\/index.php?rest_route=%2Fwp%2Fv2%2Fmedia&parent=7117"}],"wp:term":[{"taxonomy":"category","embeddable":true,"href":"https:\/\/www.lacgtmontreuil.fr\/index.php?rest_route=%2Fwp%2Fv2%2Fcategories&post=7117"},{"taxonomy":"post_tag","embeddable":true,"href":"https:\/\/www.lacgtmontreuil.fr\/index.php?rest_route=%2Fwp%2Fv2%2Ftags&post=7117"}],"curies":[{"name":"wp","href":"https:\/\/api.w.org\/{rel}","templated":true}]}}