{"id":7099,"date":"2023-01-15T12:34:00","date_gmt":"2023-01-15T11:34:00","guid":{"rendered":"https:\/\/www.lacgtmontreuil.fr\/?p=7099"},"modified":"2023-09-11T12:10:55","modified_gmt":"2023-09-11T10:10:55","slug":"je-tu-ul-n431-greve-avant-la-greve","status":"publish","type":"post","link":"https:\/\/www.lacgtmontreuil.fr\/?p=7099","title":{"rendered":"Je, Tu, UL n\u00b0431 &#8211; GR\u00c8VE AVANT LA GR\u00c8VE"},"content":{"rendered":"\n<p>1, place Aim\u00e9 C\u00e9saire \u2013 Chez <strong>AIR FRANCE<\/strong> o\u00f9 la direction convoque, en vue d\u2019un licenciement, un conseiller commercial \u00e0 qui sont reproch\u00e9s des \u00ab gestes commerciaux \u00bb, la CGT a d\u00fb d\u00e9poser un pr\u00e9avis de gr\u00e8ve pour les 16 et 17 janvier pour la d\u00e9fense du coll\u00e8gue. Gr\u00e8ve ill\u00e9gale, r\u00e9pond la direction, qui menace de nouvelles sanctions ! La riposte s\u2019impose donc d\u2019elle- m\u00eame&#8230; en faisant le lien avec l\u2019appel du 19 : retraite, salaires, conditions de travail&#8230; les revendications ne manquent pas qui justifient le recours \u00e0 la gr\u00e8ve. En attendant, la CGT appelle tous les commerciaux \u00e0 stopper les gestes commerciaux, tant qu\u2019ils resteront un motif potentiel de sanction.<\/p>\n","protected":false},"excerpt":{"rendered":"<p>1, place Aim\u00e9 C\u00e9saire \u2013 Chez AIR FRANCE o\u00f9 la direction convoque, en vue d\u2019un licenciement, un conseiller commercial \u00e0 qui sont reproch\u00e9s des \u00ab gestes commerciaux \u00bb, la CGT a d\u00fb d\u00e9poser un pr\u00e9avis de gr\u00e8ve pour les 16 et 17 janvier pour la d\u00e9fense du coll\u00e8gue. Gr\u00e8ve ill\u00e9gale, r\u00e9pond la direction, qui menace &hellip; <\/p>\n","protected":false},"author":1,"featured_media":0,"comment_status":"closed","ping_status":"open","sticky":false,"template":"","format":"standard","meta":{"footnotes":""},"categories":[2],"tags":[],"class_list":{"0":"entry","1":"post","2":"publish","3":"author-ulmontreuil","4":"post-7099","6":"format-standard","7":"category-je-tu-ul"},"_links":{"self":[{"href":"https:\/\/www.lacgtmontreuil.fr\/index.php?rest_route=\/wp\/v2\/posts\/7099","targetHints":{"allow":["GET"]}}],"collection":[{"href":"https:\/\/www.lacgtmontreuil.fr\/index.php?rest_route=\/wp\/v2\/posts"}],"about":[{"href":"https:\/\/www.lacgtmontreuil.fr\/index.php?rest_route=\/wp\/v2\/types\/post"}],"author":[{"embeddable":true,"href":"https:\/\/www.lacgtmontreuil.fr\/index.php?rest_route=\/wp\/v2\/users\/1"}],"replies":[{"embeddable":true,"href":"https:\/\/www.lacgtmontreuil.fr\/index.php?rest_route=%2Fwp%2Fv2%2Fcomments&post=7099"}],"version-history":[{"count":1,"href":"https:\/\/www.lacgtmontreuil.fr\/index.php?rest_route=\/wp\/v2\/posts\/7099\/revisions"}],"predecessor-version":[{"id":7102,"href":"https:\/\/www.lacgtmontreuil.fr\/index.php?rest_route=\/wp\/v2\/posts\/7099\/revisions\/7102"}],"wp:attachment":[{"href":"https:\/\/www.lacgtmontreuil.fr\/index.php?rest_route=%2Fwp%2Fv2%2Fmedia&parent=7099"}],"wp:term":[{"taxonomy":"category","embeddable":true,"href":"https:\/\/www.lacgtmontreuil.fr\/index.php?rest_route=%2Fwp%2Fv2%2Fcategories&post=7099"},{"taxonomy":"post_tag","embeddable":true,"href":"https:\/\/www.lacgtmontreuil.fr\/index.php?rest_route=%2Fwp%2Fv2%2Ftags&post=7099"}],"curies":[{"name":"wp","href":"https:\/\/api.w.org\/{rel}","templated":true}]}}