{"id":7093,"date":"2022-01-07T09:04:00","date_gmt":"2022-01-07T08:04:00","guid":{"rendered":"https:\/\/www.lacgtmontreuil.fr\/?p=7093"},"modified":"2023-09-11T12:10:53","modified_gmt":"2023-09-11T10:10:53","slug":"je-tu-ul-n430-piquants-baby","status":"publish","type":"post","link":"https:\/\/www.lacgtmontreuil.fr\/?p=7093","title":{"rendered":"Je, Tu, UL n\u00b0430 &#8211; PIQUANTS &#038; BABY"},"content":{"rendered":"\n<p>146, boulevard Chanzy&nbsp;\u2013&nbsp;Le groupe PEOPLE &amp; BABY qui g\u00e8re \u00e0 Montreuil la cr\u00e8che CACTUS, semble s\u2019installer dans le non-droit. Mises \u00e0 pied depuis pr\u00e8s d\u2019un mois, les 2 agents de pu\u00e9riculture ont \u00e9t\u00e9 convoqu\u00e9es au si\u00e8ge parisien, l\u2019une pour se voir reprocher des propos&#8230;&nbsp;dont la direction ignore si elle les a tenus ; l\u2019autre pour un guet- apens, avec cam\u00e9ra et invit\u00e9e-surprise, d\u00e9jou\u00e9 et refus\u00e9. Quant aux courriers adress\u00e9s \u00e0 la cr\u00e8che, plus personne ne les rel\u00e8ve dans la bo\u00eete aux lettres&#8230;<\/p>\n","protected":false},"excerpt":{"rendered":"<p>146, boulevard Chanzy&nbsp;\u2013&nbsp;Le groupe PEOPLE &amp; BABY qui g\u00e8re \u00e0 Montreuil la cr\u00e8che CACTUS, semble s\u2019installer dans le non-droit. Mises \u00e0 pied depuis pr\u00e8s d\u2019un mois, les 2 agents de pu\u00e9riculture ont \u00e9t\u00e9 convoqu\u00e9es au si\u00e8ge parisien, l\u2019une pour se voir reprocher des propos&#8230;&nbsp;dont la direction ignore si elle les a tenus ; l\u2019autre pour &hellip; <\/p>\n","protected":false},"author":1,"featured_media":0,"comment_status":"closed","ping_status":"open","sticky":false,"template":"","format":"standard","meta":{"footnotes":""},"categories":[2],"tags":[],"class_list":{"0":"entry","1":"post","2":"publish","3":"author-ulmontreuil","4":"post-7093","6":"format-standard","7":"category-je-tu-ul"},"_links":{"self":[{"href":"https:\/\/www.lacgtmontreuil.fr\/index.php?rest_route=\/wp\/v2\/posts\/7093","targetHints":{"allow":["GET"]}}],"collection":[{"href":"https:\/\/www.lacgtmontreuil.fr\/index.php?rest_route=\/wp\/v2\/posts"}],"about":[{"href":"https:\/\/www.lacgtmontreuil.fr\/index.php?rest_route=\/wp\/v2\/types\/post"}],"author":[{"embeddable":true,"href":"https:\/\/www.lacgtmontreuil.fr\/index.php?rest_route=\/wp\/v2\/users\/1"}],"replies":[{"embeddable":true,"href":"https:\/\/www.lacgtmontreuil.fr\/index.php?rest_route=%2Fwp%2Fv2%2Fcomments&post=7093"}],"version-history":[{"count":2,"href":"https:\/\/www.lacgtmontreuil.fr\/index.php?rest_route=\/wp\/v2\/posts\/7093\/revisions"}],"predecessor-version":[{"id":7835,"href":"https:\/\/www.lacgtmontreuil.fr\/index.php?rest_route=\/wp\/v2\/posts\/7093\/revisions\/7835"}],"wp:attachment":[{"href":"https:\/\/www.lacgtmontreuil.fr\/index.php?rest_route=%2Fwp%2Fv2%2Fmedia&parent=7093"}],"wp:term":[{"taxonomy":"category","embeddable":true,"href":"https:\/\/www.lacgtmontreuil.fr\/index.php?rest_route=%2Fwp%2Fv2%2Fcategories&post=7093"},{"taxonomy":"post_tag","embeddable":true,"href":"https:\/\/www.lacgtmontreuil.fr\/index.php?rest_route=%2Fwp%2Fv2%2Ftags&post=7093"}],"curies":[{"name":"wp","href":"https:\/\/api.w.org\/{rel}","templated":true}]}}