{"id":7078,"date":"2023-01-07T09:02:00","date_gmt":"2023-01-07T08:02:00","guid":{"rendered":"https:\/\/www.lacgtmontreuil.fr\/?p=7078"},"modified":"2023-09-11T12:10:36","modified_gmt":"2023-09-11T10:10:36","slug":"je-tu-ul-n430-complices-en-bandes-organisees","status":"publish","type":"post","link":"https:\/\/www.lacgtmontreuil.fr\/?p=7078","title":{"rendered":"Je, Tu, UL n\u00b0430 &#8211; COMPLICES EN BANDES ORGANISEES"},"content":{"rendered":"\n<p>20, rue Rabelais&nbsp;\u2013&nbsp;<strong>COMPLICES<\/strong>, soci\u00e9t\u00e9 montreuilloise de confection, est au&nbsp;c\u0153ur&nbsp;d\u2019une toile d\u2019araign\u00e9e financi\u00e8re dont le navire amiral est en redressement judiciaire depuis octobre 2022. Pour la direction faillie, les \u00ab bons \u00e9l\u00e9ments \u00bb sont donc transf\u00e9r\u00e9s vers la FINANCIERE MELANIE, les autres laiss\u00e9s pour compte aux bons soins du mandataire judiciaire. Repr\u00e9sentant des salari\u00e9s, notre camarade Zinedine BENNA vient d\u2019alerter Me Bl\u00e9riot, l\u2019administrateur en qu\u00eate d\u2019un repreneur, sur les dessous de ces&nbsp;man\u0153uvres. A suivre !<\/p>\n","protected":false},"excerpt":{"rendered":"<p>20, rue Rabelais&nbsp;\u2013&nbsp;COMPLICES, soci\u00e9t\u00e9 montreuilloise de confection, est au&nbsp;c\u0153ur&nbsp;d\u2019une toile d\u2019araign\u00e9e financi\u00e8re dont le navire amiral est en redressement judiciaire depuis octobre 2022. Pour la direction faillie, les \u00ab bons \u00e9l\u00e9ments \u00bb sont donc transf\u00e9r\u00e9s vers la FINANCIERE MELANIE, les autres laiss\u00e9s pour compte aux bons soins du mandataire judiciaire. Repr\u00e9sentant des salari\u00e9s, notre camarade &hellip; <\/p>\n","protected":false},"author":1,"featured_media":0,"comment_status":"closed","ping_status":"open","sticky":false,"template":"","format":"standard","meta":{"footnotes":""},"categories":[2],"tags":[],"class_list":{"0":"entry","1":"post","2":"publish","3":"author-ulmontreuil","4":"post-7078","6":"format-standard","7":"category-je-tu-ul"},"_links":{"self":[{"href":"https:\/\/www.lacgtmontreuil.fr\/index.php?rest_route=\/wp\/v2\/posts\/7078","targetHints":{"allow":["GET"]}}],"collection":[{"href":"https:\/\/www.lacgtmontreuil.fr\/index.php?rest_route=\/wp\/v2\/posts"}],"about":[{"href":"https:\/\/www.lacgtmontreuil.fr\/index.php?rest_route=\/wp\/v2\/types\/post"}],"author":[{"embeddable":true,"href":"https:\/\/www.lacgtmontreuil.fr\/index.php?rest_route=\/wp\/v2\/users\/1"}],"replies":[{"embeddable":true,"href":"https:\/\/www.lacgtmontreuil.fr\/index.php?rest_route=%2Fwp%2Fv2%2Fcomments&post=7078"}],"version-history":[{"count":2,"href":"https:\/\/www.lacgtmontreuil.fr\/index.php?rest_route=\/wp\/v2\/posts\/7078\/revisions"}],"predecessor-version":[{"id":7832,"href":"https:\/\/www.lacgtmontreuil.fr\/index.php?rest_route=\/wp\/v2\/posts\/7078\/revisions\/7832"}],"wp:attachment":[{"href":"https:\/\/www.lacgtmontreuil.fr\/index.php?rest_route=%2Fwp%2Fv2%2Fmedia&parent=7078"}],"wp:term":[{"taxonomy":"category","embeddable":true,"href":"https:\/\/www.lacgtmontreuil.fr\/index.php?rest_route=%2Fwp%2Fv2%2Fcategories&post=7078"},{"taxonomy":"post_tag","embeddable":true,"href":"https:\/\/www.lacgtmontreuil.fr\/index.php?rest_route=%2Fwp%2Fv2%2Ftags&post=7078"}],"curies":[{"name":"wp","href":"https:\/\/api.w.org\/{rel}","templated":true}]}}