{"id":707,"date":"2018-02-14T10:46:06","date_gmt":"2018-02-14T09:46:06","guid":{"rendered":"http:\/\/www.lacgtmontreuil.fr\/?p=707"},"modified":"2018-02-14T10:46:54","modified_gmt":"2018-02-14T09:46:54","slug":"je-tu-ul-mi-juin-2012-n-101","status":"publish","type":"post","link":"https:\/\/www.lacgtmontreuil.fr\/?p=707","title":{"rendered":"Je, Tu, UL\u2026  Mi-Juin 2012  N\u00b0 101"},"content":{"rendered":"<p><strong> Les br\u00e8ves de l\u2019UL CGT de Montreuil, 24, rue de Paris<\/strong><\/p>\n<p><img loading=\"lazy\" decoding=\"async\" width=\"109\" height=\"155\" class=\"wp-image-708\" src=\"https:\/\/www.lacgtmontreuil.fr\/wp-content\/uploads\/2018\/02\/logo_cgt-61.jpeg\" alt=\"logo_cgt\" \/>\u00a0\u00a0 <strong>Je, Tu, UL\u2026\u00a0 Mi-Juin 2012\u00a0 N\u00b0 101<\/strong><\/p>\n<p><em>\u00ab\u00a0Les machos ont besoin des femmes, les femmes n\u2019ont pas besoin des machos\u00a0!\u00a0\u00bb.<\/em><\/p>\n<p><strong>ODEUR DE SAPIN \u00c1 L\u2019AFPA :<\/strong> 13, place du G\u00e9n\u00e9ral De Gaulle \u2013 L\u2019AFPA risque la cessation de paiement en juillet, cons\u00e9quence de la d\u00e9fection de la banque Dexia et de 2 ans de d\u00e9sengagement financier de l\u2019Etat. Un rendez-vous d\u2019urgence a \u00e9t\u00e9 demand\u00e9 par les 6 syndicats de l\u2019AFPA \u00e0 Michel Sapin, le nouveau ministre de tutelle. Pour exiger la p\u00e9rennit\u00e9 de l\u2019AFPA, la CGT appellera les personnels \u00e0 d\u00e9brayer le 19 juin, jour du rendez-vous, et \u00e0 se retrouver \u00e0 14h00, face au Minist\u00e8re de la rue de Grenelle.<\/p>\n<p><strong>LES CAISSI\u00c9RES REFUSERONT D\u2019ENCAISSER\u00a0:<\/strong> 1, Place Fran\u00e7ois Mitterrand \u2013 Les plaintes pour harc\u00e8lement sexuel et menaces d\u00e9pos\u00e9es par les 2 caissi\u00e8res du G20 viennent de d\u00e9clencher leur convocation pour un licenciement. Accompagn\u00e9es par l\u2019UL-CGT, elles invitent \u00e0 un rassemblement le jeudi 23 juin de 10h \u00e0 12h devant le magasin G20, afin que cessent les atteintes \u00e0 la dignit\u00e9 des salari\u00e9es et que la nouvelle loi permette de sanctionner les agissements dont elles sont victimes. Un second rassemblement est pr\u00e9vu le 25 juin \u00e0 14h00, pendant l\u2019entretien pr\u00e9alable auquel elles sont \u00e9t\u00e9 convoqu\u00e9es.<\/p>\n<p><strong>DR\u00d4LES D\u2019\u00c9MISSION \u00c1 LA MISSION\u00a0:<\/strong> 15, avenue de La R\u00e9sistance \u2013 La MISSION LOCALE POUR L\u2019EMPLOI DES JEUNES se situe au-dessus du parking de Monoprix. Alert\u00e9e par les r\u00e9actions allergiques du personnel, la CGT envisage un droit de retrait face \u00e0 l\u2019inertie d\u2019une direction qui semble vouloir enterrer le rapport mettant en \u00e9vidence la concentration anormale de poussi\u00e8res noires dans l\u2019air ambiant, \u00e9mises par les 8 chemin\u00e9es d\u2019a\u00e9ration du parking, juste en-dessous des fen\u00eatres du secr\u00e9tariat\u2026<\/p>\n<p><strong>LE SYNDICAT ADEQUAT\u00a0:<\/strong> 12-16, rue de Vincennes \u2013 Chez ADEQUAT ENVIRONNEMENT, c\u2019est notre camarade Vanessa FOURDAIN qui avait r\u00e9clam\u00e9 la tenue d\u2019\u00e9lections pour les d\u00e9l\u00e9gu\u00e9s du personnel. La voici enfin candidate pour la CGT avec un rappel \u00e0 la direction pour que les salari\u00e9s ne soient pas envoy\u00e9s trop loin des urnes \u00e0 l\u2019heure o\u00f9 se tiendra le 1<sup>er<\/sup> tour\u2026 sous couvert de \u00ab\u00a0raisons professionnelles\u00a0\u00bb\u2026<\/p>\n<p><strong>C.E. SP\u00c9CIEUX\u00a0:<\/strong> 8, rue Saint Just et 22 rue des Papillons \u2013 L\u2019AFASER tirait argument de la disparition de ses \u00e9tablissements recevant enfants et adultes handicap\u00e9s pour d\u00e9couper 2 CE \u00ab\u00a0inter-\u00e9tablissements\u00a0\u00bb, avec des \u0153uvres sociales \u00e9chappant \u00e0 toute ma\u00eetrise collective. La CGT, qui p\u00e8se 56% des voix \u00e0 l\u2019AFASER, a donc saisi le Tribunal contre cette modalit\u00e9 impos\u00e9e par l\u2019employeur \u00e0 chaque \u00e9lection.<\/p>\n","protected":false},"excerpt":{"rendered":"<p>Les br\u00e8ves de l\u2019UL CGT de Montreuil, 24, rue de Paris \u00a0\u00a0 Je, Tu, UL\u2026\u00a0 Mi-Juin 2012\u00a0 N\u00b0 101 \u00ab\u00a0Les machos ont besoin des femmes, les femmes n\u2019ont pas besoin des machos\u00a0!\u00a0\u00bb. ODEUR DE SAPIN \u00c1 L\u2019AFPA : 13, place du G\u00e9n\u00e9ral De Gaulle \u2013 L\u2019AFPA risque la cessation de paiement en juillet, cons\u00e9quence de &hellip; <\/p>\n","protected":false},"author":1,"featured_media":0,"comment_status":"closed","ping_status":"open","sticky":false,"template":"","format":"standard","meta":{"footnotes":""},"categories":[2],"tags":[],"class_list":{"0":"entry","1":"post","2":"publish","3":"author-ulmontreuil","4":"post-707","6":"format-standard","7":"category-je-tu-ul"},"_links":{"self":[{"href":"https:\/\/www.lacgtmontreuil.fr\/index.php?rest_route=\/wp\/v2\/posts\/707","targetHints":{"allow":["GET"]}}],"collection":[{"href":"https:\/\/www.lacgtmontreuil.fr\/index.php?rest_route=\/wp\/v2\/posts"}],"about":[{"href":"https:\/\/www.lacgtmontreuil.fr\/index.php?rest_route=\/wp\/v2\/types\/post"}],"author":[{"embeddable":true,"href":"https:\/\/www.lacgtmontreuil.fr\/index.php?rest_route=\/wp\/v2\/users\/1"}],"replies":[{"embeddable":true,"href":"https:\/\/www.lacgtmontreuil.fr\/index.php?rest_route=%2Fwp%2Fv2%2Fcomments&post=707"}],"version-history":[{"count":2,"href":"https:\/\/www.lacgtmontreuil.fr\/index.php?rest_route=\/wp\/v2\/posts\/707\/revisions"}],"predecessor-version":[{"id":711,"href":"https:\/\/www.lacgtmontreuil.fr\/index.php?rest_route=\/wp\/v2\/posts\/707\/revisions\/711"}],"wp:attachment":[{"href":"https:\/\/www.lacgtmontreuil.fr\/index.php?rest_route=%2Fwp%2Fv2%2Fmedia&parent=707"}],"wp:term":[{"taxonomy":"category","embeddable":true,"href":"https:\/\/www.lacgtmontreuil.fr\/index.php?rest_route=%2Fwp%2Fv2%2Fcategories&post=707"},{"taxonomy":"post_tag","embeddable":true,"href":"https:\/\/www.lacgtmontreuil.fr\/index.php?rest_route=%2Fwp%2Fv2%2Ftags&post=707"}],"curies":[{"name":"wp","href":"https:\/\/api.w.org\/{rel}","templated":true}]}}