{"id":7066,"date":"2023-01-07T08:00:00","date_gmt":"2023-01-07T07:00:00","guid":{"rendered":"https:\/\/www.lacgtmontreuil.fr\/?p=7066"},"modified":"2023-09-11T12:10:46","modified_gmt":"2023-09-11T10:10:46","slug":"je-tu-ul-n430-contracyclicite-contrariee","status":"publish","type":"post","link":"https:\/\/www.lacgtmontreuil.fr\/?p=7066","title":{"rendered":"Je, Tu, UL n\u00b0430 &#8211; CONTRACYCLICIT\u00c9 CONTRARI\u00c9E"},"content":{"rendered":"\n<p>7, rue Kl\u00e9ber&nbsp;\u2013<strong>&nbsp;POLE-EMPLOI<\/strong> aura termin\u00e9 2022 par l\u2019occupation de ses agences. Le 28 d\u00e9cembre, l\u2019agence de Montreuil \u00e9tait investie par une trentaine de ch\u00f4meurs rebelles avec leurs drapeaux CGT. Un message clair \u00e0 Madame Borne, qui d\u00e8s la fin de son r\u00e9veillon a jug\u00e9 utile de renoncer \u00e0 la contracyclicit\u00e9 visant \u00e0 amputer 40% des allocations en cas de baisse du ch\u00f4mage. Un recul encourageant, mais tr\u00e8s insuffisant et qui laisse perdurer les autres volets de la \u00ab r\u00e9forme \u00bb de guerre aux ch\u00f4meurs.<\/p>\n","protected":false},"excerpt":{"rendered":"<p>7, rue Kl\u00e9ber&nbsp;\u2013&nbsp;POLE-EMPLOI aura termin\u00e9 2022 par l\u2019occupation de ses agences. Le 28 d\u00e9cembre, l\u2019agence de Montreuil \u00e9tait investie par une trentaine de ch\u00f4meurs rebelles avec leurs drapeaux CGT. Un message clair \u00e0 Madame Borne, qui d\u00e8s la fin de son r\u00e9veillon a jug\u00e9 utile de renoncer \u00e0 la contracyclicit\u00e9 visant \u00e0 amputer 40% des &hellip; <\/p>\n","protected":false},"author":1,"featured_media":0,"comment_status":"closed","ping_status":"open","sticky":false,"template":"","format":"standard","meta":{"footnotes":""},"categories":[2],"tags":[],"class_list":{"0":"entry","1":"post","2":"publish","3":"author-ulmontreuil","4":"post-7066","6":"format-standard","7":"category-je-tu-ul"},"_links":{"self":[{"href":"https:\/\/www.lacgtmontreuil.fr\/index.php?rest_route=\/wp\/v2\/posts\/7066","targetHints":{"allow":["GET"]}}],"collection":[{"href":"https:\/\/www.lacgtmontreuil.fr\/index.php?rest_route=\/wp\/v2\/posts"}],"about":[{"href":"https:\/\/www.lacgtmontreuil.fr\/index.php?rest_route=\/wp\/v2\/types\/post"}],"author":[{"embeddable":true,"href":"https:\/\/www.lacgtmontreuil.fr\/index.php?rest_route=\/wp\/v2\/users\/1"}],"replies":[{"embeddable":true,"href":"https:\/\/www.lacgtmontreuil.fr\/index.php?rest_route=%2Fwp%2Fv2%2Fcomments&post=7066"}],"version-history":[{"count":2,"href":"https:\/\/www.lacgtmontreuil.fr\/index.php?rest_route=\/wp\/v2\/posts\/7066\/revisions"}],"predecessor-version":[{"id":7087,"href":"https:\/\/www.lacgtmontreuil.fr\/index.php?rest_route=\/wp\/v2\/posts\/7066\/revisions\/7087"}],"wp:attachment":[{"href":"https:\/\/www.lacgtmontreuil.fr\/index.php?rest_route=%2Fwp%2Fv2%2Fmedia&parent=7066"}],"wp:term":[{"taxonomy":"category","embeddable":true,"href":"https:\/\/www.lacgtmontreuil.fr\/index.php?rest_route=%2Fwp%2Fv2%2Fcategories&post=7066"},{"taxonomy":"post_tag","embeddable":true,"href":"https:\/\/www.lacgtmontreuil.fr\/index.php?rest_route=%2Fwp%2Fv2%2Ftags&post=7066"}],"curies":[{"name":"wp","href":"https:\/\/api.w.org\/{rel}","templated":true}]}}