{"id":7060,"date":"2023-01-08T07:59:00","date_gmt":"2023-01-08T06:59:00","guid":{"rendered":"https:\/\/www.lacgtmontreuil.fr\/?p=7060"},"modified":"2023-09-11T12:10:50","modified_gmt":"2023-09-11T10:10:50","slug":"je-tu-ul-n430-chaud-les-voeux","status":"publish","type":"post","link":"https:\/\/www.lacgtmontreuil.fr\/?p=7060","title":{"rendered":"Je, Tu, UL n\u00b0430 &#8211; CHAUD LES VOEUX"},"content":{"rendered":"\n<p>24, rue de Paris&nbsp;\u2013&nbsp;L\u2019UL CGT pr\u00e9sentait ses&nbsp;v\u0153ux&nbsp;mercredi 4 janvier \u00e0 la ville et au monde (urbi et orbi pour les latinistes). Pr\u00e8s de 150 invit\u00e9-e-s se sont donc press\u00e9s autour du buffet, apr\u00e8s un rapide rappel des \u00e9ch\u00e9ances sociales, notamment la bataille des retraites. Avec cet alignement des plan\u00e8tes : 70% des Fran\u00e7ais hostiles \u00e0 la \u00ab r\u00e9forme \u00bb Macron, un front syndical du refus unanime et une CGT confort\u00e9e lors des \u00e9lections professionnelles et une absence de majorit\u00e9 pour le pouvoir \u00e0 l\u2019Assembl\u00e9e Nationale. Nos mobilisations feront le reste !<\/p>\n","protected":false},"excerpt":{"rendered":"<p>24, rue de Paris&nbsp;\u2013&nbsp;L\u2019UL CGT pr\u00e9sentait ses&nbsp;v\u0153ux&nbsp;mercredi 4 janvier \u00e0 la ville et au monde (urbi et orbi pour les latinistes). Pr\u00e8s de 150 invit\u00e9-e-s se sont donc press\u00e9s autour du buffet, apr\u00e8s un rapide rappel des \u00e9ch\u00e9ances sociales, notamment la bataille des retraites. Avec cet alignement des plan\u00e8tes : 70% des Fran\u00e7ais hostiles \u00e0 &hellip; <\/p>\n","protected":false},"author":1,"featured_media":0,"comment_status":"closed","ping_status":"open","sticky":false,"template":"","format":"standard","meta":{"footnotes":""},"categories":[2],"tags":[],"class_list":{"0":"entry","1":"post","2":"publish","3":"author-ulmontreuil","4":"post-7060","6":"format-standard","7":"category-je-tu-ul"},"_links":{"self":[{"href":"https:\/\/www.lacgtmontreuil.fr\/index.php?rest_route=\/wp\/v2\/posts\/7060","targetHints":{"allow":["GET"]}}],"collection":[{"href":"https:\/\/www.lacgtmontreuil.fr\/index.php?rest_route=\/wp\/v2\/posts"}],"about":[{"href":"https:\/\/www.lacgtmontreuil.fr\/index.php?rest_route=\/wp\/v2\/types\/post"}],"author":[{"embeddable":true,"href":"https:\/\/www.lacgtmontreuil.fr\/index.php?rest_route=\/wp\/v2\/users\/1"}],"replies":[{"embeddable":true,"href":"https:\/\/www.lacgtmontreuil.fr\/index.php?rest_route=%2Fwp%2Fv2%2Fcomments&post=7060"}],"version-history":[{"count":2,"href":"https:\/\/www.lacgtmontreuil.fr\/index.php?rest_route=\/wp\/v2\/posts\/7060\/revisions"}],"predecessor-version":[{"id":7090,"href":"https:\/\/www.lacgtmontreuil.fr\/index.php?rest_route=\/wp\/v2\/posts\/7060\/revisions\/7090"}],"wp:attachment":[{"href":"https:\/\/www.lacgtmontreuil.fr\/index.php?rest_route=%2Fwp%2Fv2%2Fmedia&parent=7060"}],"wp:term":[{"taxonomy":"category","embeddable":true,"href":"https:\/\/www.lacgtmontreuil.fr\/index.php?rest_route=%2Fwp%2Fv2%2Fcategories&post=7060"},{"taxonomy":"post_tag","embeddable":true,"href":"https:\/\/www.lacgtmontreuil.fr\/index.php?rest_route=%2Fwp%2Fv2%2Ftags&post=7060"}],"curies":[{"name":"wp","href":"https:\/\/api.w.org\/{rel}","templated":true}]}}