{"id":7048,"date":"2022-12-17T08:57:00","date_gmt":"2022-12-17T07:57:00","guid":{"rendered":"https:\/\/www.lacgtmontreuil.fr\/?p=7048"},"modified":"2023-09-11T12:10:22","modified_gmt":"2023-09-11T10:10:22","slug":"je-tu-ul-n429-a-pied-dans-le-cactus","status":"publish","type":"post","link":"https:\/\/www.lacgtmontreuil.fr\/?p=7048","title":{"rendered":"Je, Tu, UL n\u00b0429 &#8211; \u00c1 PIED DANS LE CACTUS"},"content":{"rendered":"\n<p>146, boulevard Chanzy&nbsp;\u2013&nbsp;<strong>La CR\u00c8CHE CACTUS du groupe PEOPLE &amp; BABY<\/strong> vient de mettre \u00e0 pied 2 des 4 salari\u00e9es de la structure dont le sous- effectif est d\u00e9j\u00e0 chronique. Convoqu\u00e9es en vue d\u2019un licenciement&#8230;&nbsp;apr\u00e8s les f\u00eates (et sans salaire jusque-l\u00e0!) les int\u00e9ress\u00e9es se consid\u00e8rent d\u2019ores et d\u00e9j\u00e0 comme les bouc- \u00e9missaires de l\u2019absence d\u2019encadrement et d\u2019hygi\u00e8ne (multiplication des souris) dans la micro-cr\u00e8che.<\/p>\n","protected":false},"excerpt":{"rendered":"<p>146, boulevard Chanzy&nbsp;\u2013&nbsp;La CR\u00c8CHE CACTUS du groupe PEOPLE &amp; BABY vient de mettre \u00e0 pied 2 des 4 salari\u00e9es de la structure dont le sous- effectif est d\u00e9j\u00e0 chronique. Convoqu\u00e9es en vue d\u2019un licenciement&#8230;&nbsp;apr\u00e8s les f\u00eates (et sans salaire jusque-l\u00e0!) les int\u00e9ress\u00e9es se consid\u00e8rent d\u2019ores et d\u00e9j\u00e0 comme les bouc- \u00e9missaires de l\u2019absence d\u2019encadrement et &hellip; <\/p>\n","protected":false},"author":1,"featured_media":0,"comment_status":"closed","ping_status":"open","sticky":false,"template":"","format":"standard","meta":{"footnotes":""},"categories":[2],"tags":[],"class_list":{"0":"entry","1":"post","2":"publish","3":"author-ulmontreuil","4":"post-7048","6":"format-standard","7":"category-je-tu-ul"},"_links":{"self":[{"href":"https:\/\/www.lacgtmontreuil.fr\/index.php?rest_route=\/wp\/v2\/posts\/7048","targetHints":{"allow":["GET"]}}],"collection":[{"href":"https:\/\/www.lacgtmontreuil.fr\/index.php?rest_route=\/wp\/v2\/posts"}],"about":[{"href":"https:\/\/www.lacgtmontreuil.fr\/index.php?rest_route=\/wp\/v2\/types\/post"}],"author":[{"embeddable":true,"href":"https:\/\/www.lacgtmontreuil.fr\/index.php?rest_route=\/wp\/v2\/users\/1"}],"replies":[{"embeddable":true,"href":"https:\/\/www.lacgtmontreuil.fr\/index.php?rest_route=%2Fwp%2Fv2%2Fcomments&post=7048"}],"version-history":[{"count":2,"href":"https:\/\/www.lacgtmontreuil.fr\/index.php?rest_route=\/wp\/v2\/posts\/7048\/revisions"}],"predecessor-version":[{"id":7826,"href":"https:\/\/www.lacgtmontreuil.fr\/index.php?rest_route=\/wp\/v2\/posts\/7048\/revisions\/7826"}],"wp:attachment":[{"href":"https:\/\/www.lacgtmontreuil.fr\/index.php?rest_route=%2Fwp%2Fv2%2Fmedia&parent=7048"}],"wp:term":[{"taxonomy":"category","embeddable":true,"href":"https:\/\/www.lacgtmontreuil.fr\/index.php?rest_route=%2Fwp%2Fv2%2Fcategories&post=7048"},{"taxonomy":"post_tag","embeddable":true,"href":"https:\/\/www.lacgtmontreuil.fr\/index.php?rest_route=%2Fwp%2Fv2%2Ftags&post=7048"}],"curies":[{"name":"wp","href":"https:\/\/api.w.org\/{rel}","templated":true}]}}