{"id":7042,"date":"2022-12-17T08:57:00","date_gmt":"2022-12-17T07:57:00","guid":{"rendered":"https:\/\/www.lacgtmontreuil.fr\/?p=7042"},"modified":"2023-09-11T12:10:16","modified_gmt":"2023-09-11T10:10:16","slug":"je-tu-ul-n429-pinkwashing","status":"publish","type":"post","link":"https:\/\/www.lacgtmontreuil.fr\/?p=7042","title":{"rendered":"Je, Tu, UL n\u00b0429 &#8211; PINKWASHING"},"content":{"rendered":"\n<p>3, rue Franklin&nbsp;\u2013&nbsp;A l\u2019<strong>AFPA<\/strong>, les femmes sont b\u00e9n\u00e9voles depuis le 7 d\u00e9cembre \u00e0 15h06, d\u00e9nonce le syndicat CGT qui comptabilise 7,4% d\u2019\u00e9cart entre le salaire des femmes et celui des hommes au sein de l\u2019Agence. Une diff\u00e9rence que la direction juge acceptable, mais contre laquelle la CGT entre en campagne, d\u00e9non\u00e7ant un \u00ab pinkwashing \u00bb s\u2019accommodant de la discrimination vis-\u00e0-vis des femmes salari\u00e9es. Un badge a \u00e9t\u00e9 lanc\u00e9 pour l\u2019occasion : \u00ab A l\u2019AFPA comme ailleurs, l\u2019\u00e9galit\u00e9 salariale est un droit ! \u00bb.<\/p>\n","protected":false},"excerpt":{"rendered":"<p>3, rue Franklin&nbsp;\u2013&nbsp;A l\u2019AFPA, les femmes sont b\u00e9n\u00e9voles depuis le 7 d\u00e9cembre \u00e0 15h06, d\u00e9nonce le syndicat CGT qui comptabilise 7,4% d\u2019\u00e9cart entre le salaire des femmes et celui des hommes au sein de l\u2019Agence. Une diff\u00e9rence que la direction juge acceptable, mais contre laquelle la CGT entre en campagne, d\u00e9non\u00e7ant un \u00ab pinkwashing \u00bb &hellip; <\/p>\n","protected":false},"author":1,"featured_media":0,"comment_status":"closed","ping_status":"open","sticky":false,"template":"","format":"standard","meta":{"footnotes":""},"categories":[2],"tags":[],"class_list":{"0":"entry","1":"post","2":"publish","3":"author-ulmontreuil","4":"post-7042","6":"format-standard","7":"category-je-tu-ul"},"_links":{"self":[{"href":"https:\/\/www.lacgtmontreuil.fr\/index.php?rest_route=\/wp\/v2\/posts\/7042","targetHints":{"allow":["GET"]}}],"collection":[{"href":"https:\/\/www.lacgtmontreuil.fr\/index.php?rest_route=\/wp\/v2\/posts"}],"about":[{"href":"https:\/\/www.lacgtmontreuil.fr\/index.php?rest_route=\/wp\/v2\/types\/post"}],"author":[{"embeddable":true,"href":"https:\/\/www.lacgtmontreuil.fr\/index.php?rest_route=\/wp\/v2\/users\/1"}],"replies":[{"embeddable":true,"href":"https:\/\/www.lacgtmontreuil.fr\/index.php?rest_route=%2Fwp%2Fv2%2Fcomments&post=7042"}],"version-history":[{"count":2,"href":"https:\/\/www.lacgtmontreuil.fr\/index.php?rest_route=\/wp\/v2\/posts\/7042\/revisions"}],"predecessor-version":[{"id":7823,"href":"https:\/\/www.lacgtmontreuil.fr\/index.php?rest_route=\/wp\/v2\/posts\/7042\/revisions\/7823"}],"wp:attachment":[{"href":"https:\/\/www.lacgtmontreuil.fr\/index.php?rest_route=%2Fwp%2Fv2%2Fmedia&parent=7042"}],"wp:term":[{"taxonomy":"category","embeddable":true,"href":"https:\/\/www.lacgtmontreuil.fr\/index.php?rest_route=%2Fwp%2Fv2%2Fcategories&post=7042"},{"taxonomy":"post_tag","embeddable":true,"href":"https:\/\/www.lacgtmontreuil.fr\/index.php?rest_route=%2Fwp%2Fv2%2Ftags&post=7042"}],"curies":[{"name":"wp","href":"https:\/\/api.w.org\/{rel}","templated":true}]}}