{"id":704,"date":"2018-02-13T16:56:39","date_gmt":"2018-02-13T15:56:39","guid":{"rendered":"http:\/\/www.lacgtmontreuil.fr\/?p=704"},"modified":"2018-02-13T16:56:39","modified_gmt":"2018-02-13T15:56:39","slug":"je-tu-ul-mi-juin-2012-n100","status":"publish","type":"post","link":"https:\/\/www.lacgtmontreuil.fr\/?p=704","title":{"rendered":"Je, Tu, UL\u2026  Mi-Juin 2012  N\u00b0100"},"content":{"rendered":"<p><strong> Les br\u00e8ves de l\u2019UL CGT de Montreuil, 24, rue de Paris<\/strong><\/p>\n<p><img loading=\"lazy\" decoding=\"async\" width=\"109\" height=\"155\" class=\"wp-image-705\" src=\"https:\/\/www.lacgtmontreuil.fr\/wp-content\/uploads\/2018\/02\/logo_cgt-60.jpeg\" alt=\"logo_cgt\" \/>\u00a0\u00a0 <strong>Je, Tu, UL\u2026\u00a0 Mi-Juin 2012\u00a0 N\u00b0100<\/strong><\/p>\n<p><em>Slogan des \u00e9tudiants Qu\u00e9b\u00e9cois\u00a0: \u00ab\u00a0Lib\u00e9rez-nous des lib\u00e9raux\u00a0!\u00a0\u00bb<\/em><\/p>\n<p><strong>R\u00c9SISTER AU P.S.E. SANS FRONTI\u00c8RE\u00a0:<\/strong> 74, rue de Lagny \u2013 Chez TUI FRANCE (ex-Nouvelles Fronti\u00e8res) la CGT a r\u00e9uni les 7 et 8 juin le congr\u00e8s du syndicat sur le th\u00e8me du devenir de l\u2019activit\u00e9 dans le cadre de la fusion et de la suppression de 484 emplois. Une situation particuli\u00e8rement p\u00e9nible pour nos camarades qui affrontent leur 7<sup>\u00e8me<\/sup> \u00ab\u00a0plan de sauvegarde de l\u2019emploi\u00a0\u00bb et une prochaine d\u00e9localisation vers Levallois-Perret.<\/p>\n<p><strong>DU G.20 AU COMMISSARIAT :<\/strong> 1, Place Fran\u00e7ois Mitterrand \u2013 Au magasin G20, situ\u00e9 \u2026 \u00e0 20 m\u00e8tres du Commissariat, le refus du harc\u00e8lement sexuel et moral prend de l\u2019ampleur. Epaul\u00e9es par la CGT, et soutenues cette semaine par la Maison des Femmes, Dounia et Kahina ont d\u00e9pos\u00e9 hier une triple plainte au commissariat de police\u00a0: pour harc\u00e8lement sexuel, harc\u00e8lement moral et menaces. L\u2019UL-CGT exige que la future loi r\u00e9tablisse le d\u00e9lit de harc\u00e8lement sexuel au plus vite, avec circonstance aggravante lorsqu\u2019il se double d\u2019abus d\u2019autorit\u00e9 sur du personnel pr\u00e9caire.<\/p>\n<p><strong>LES IMP\u00d4TS \u00c1 L\u2019AMENDE\u00a0:<\/strong> 29, rue Parmentier \u2013 Le Centre des Finances Publiques subit de plein fouet la RGPP. Ainsi, au service montreuillois des imp\u00f4ts des particuliers, sur 6 d\u00e9parts, 3 postes seulement seront \u00e0 nouveau pourvus cet \u00e9t\u00e9 et 3 resteront vacants. La CGT s\u2019alarme des cons\u00e9quences tant pour les contribuables, priv\u00e9s d\u2019interlocuteurs, que pour la confidentialit\u00e9 des donn\u00e9es fiscales, sous-trait\u00e9es au priv\u00e9 et le plus souvent d\u00e9localis\u00e9es.<\/p>\n<p><strong>L\u2019AFPA DU GAIN\u00a0?\u00a0:<\/strong> 13, Place du G\u00e9n\u00e9ral De Gaulle \u2013 A l\u2019AFPA, c\u2019est la m\u00eame direction g\u00e9n\u00e9rale qui exhorte aux \u00ab\u00a0efforts de tous\u00a0\u00bb et qui claque 3 millions d\u2019euros par an pour r\u00e9cup\u00e9rer 5 \u00e9tages sur 30 de la Tour T9 (ex-URSSAF) au groupe CARLYLE (olivier Sarkozy)\u00a0; 3 millions encore pour s\u2019y installer\u00a0; 6 millions en communication\u00a0; 19 millions en honoraires de consultants et en d\u00e9penses personnelles\u2026 auxquels s\u2019ajoutent 13 378 euros d\u2019adh\u00e9sion \u00e0 divers clubs bling-bling. Comme le dit la CGT de l\u2019AFPA\u00a0: \u00ab\u00a0\u00e7a suffit Mr le directeur g\u00e9n\u00e9ral\u00a0!\u00a0\u00bb.<\/p>\n<p><strong>LES CENT HEURES D\u2019OXYGENE\u00a0:<\/strong> 63 bis, rue Ernest Savart \u2013 La direction d\u2019OXYGENE93 a toujours pr\u00e9tendu \u00ab\u00a0lib\u00e9rer le temps \u00e0 domicile\u00a0\u00bb. Nouvelle d\u00e9clinaison de ce principe\u00a0: la plupart des aides \u00e0 domicile viennent de se voir abaisser unilat\u00e9ralement leur temps de travail mensuel \u00e0 100 heures par mois, quand rares sont celles qui b\u00e9n\u00e9ficiaient d\u00e9j\u00e0 d\u2019un temps plein. La CGT organise le refus de ce diktat dans le d\u00e9lai l\u00e9gal d\u2019un mois.<\/p>\n<p><strong>PAS DE MINIMUM VIEILLESSE CHEZ CARREFOUR\u00a0!\u00a0:<\/strong> 280, rue de Paris \u2013 La CGT de CARREFOUR appelle le 18 juin \u00e0 se rendre \u00e0 l\u2019AG des actionnaires, \u00e0 9h00 au Carrousel du Louvre. Plassat, le nouveau PDG, devrait en effet remplacer et remercier l\u2019ancien, le sinistre et tr\u00e8s cher Lars Olofsson qui partira avec une g\u00e9n\u00e9reuse retraite-chapeau de 500 000 euros \u00e0 vie, en plus des 9.25 millions d\u2019euros de r\u00e9mun\u00e9rations annuelles diverses et vari\u00e9es. Une \u00ab\u00a0r\u00e9mun\u00e9ration lasagne\u00a0\u00bb disent les sp\u00e9cialistes\u2026 Sans doute une prise en compte de la p\u00e9nibilit\u00e9\u00a0?<\/p>\n","protected":false},"excerpt":{"rendered":"<p>Les br\u00e8ves de l\u2019UL CGT de Montreuil, 24, rue de Paris \u00a0\u00a0 Je, Tu, UL\u2026\u00a0 Mi-Juin 2012\u00a0 N\u00b0100 Slogan des \u00e9tudiants Qu\u00e9b\u00e9cois\u00a0: \u00ab\u00a0Lib\u00e9rez-nous des lib\u00e9raux\u00a0!\u00a0\u00bb R\u00c9SISTER AU P.S.E. SANS FRONTI\u00c8RE\u00a0: 74, rue de Lagny \u2013 Chez TUI FRANCE (ex-Nouvelles Fronti\u00e8res) la CGT a r\u00e9uni les 7 et 8 juin le congr\u00e8s du syndicat sur le &hellip; <\/p>\n","protected":false},"author":1,"featured_media":0,"comment_status":"closed","ping_status":"open","sticky":false,"template":"","format":"standard","meta":{"footnotes":""},"categories":[2],"tags":[],"class_list":{"0":"entry","1":"post","2":"publish","3":"author-ulmontreuil","4":"post-704","6":"format-standard","7":"category-je-tu-ul"},"_links":{"self":[{"href":"https:\/\/www.lacgtmontreuil.fr\/index.php?rest_route=\/wp\/v2\/posts\/704","targetHints":{"allow":["GET"]}}],"collection":[{"href":"https:\/\/www.lacgtmontreuil.fr\/index.php?rest_route=\/wp\/v2\/posts"}],"about":[{"href":"https:\/\/www.lacgtmontreuil.fr\/index.php?rest_route=\/wp\/v2\/types\/post"}],"author":[{"embeddable":true,"href":"https:\/\/www.lacgtmontreuil.fr\/index.php?rest_route=\/wp\/v2\/users\/1"}],"replies":[{"embeddable":true,"href":"https:\/\/www.lacgtmontreuil.fr\/index.php?rest_route=%2Fwp%2Fv2%2Fcomments&post=704"}],"version-history":[{"count":1,"href":"https:\/\/www.lacgtmontreuil.fr\/index.php?rest_route=\/wp\/v2\/posts\/704\/revisions"}],"predecessor-version":[{"id":706,"href":"https:\/\/www.lacgtmontreuil.fr\/index.php?rest_route=\/wp\/v2\/posts\/704\/revisions\/706"}],"wp:attachment":[{"href":"https:\/\/www.lacgtmontreuil.fr\/index.php?rest_route=%2Fwp%2Fv2%2Fmedia&parent=704"}],"wp:term":[{"taxonomy":"category","embeddable":true,"href":"https:\/\/www.lacgtmontreuil.fr\/index.php?rest_route=%2Fwp%2Fv2%2Fcategories&post=704"},{"taxonomy":"post_tag","embeddable":true,"href":"https:\/\/www.lacgtmontreuil.fr\/index.php?rest_route=%2Fwp%2Fv2%2Ftags&post=704"}],"curies":[{"name":"wp","href":"https:\/\/api.w.org\/{rel}","templated":true}]}}