{"id":7030,"date":"2022-12-17T08:54:00","date_gmt":"2022-12-17T07:54:00","guid":{"rendered":"https:\/\/www.lacgtmontreuil.fr\/?p=7030"},"modified":"2023-09-11T12:09:00","modified_gmt":"2023-09-11T10:09:00","slug":"je-tu-ul-n429-manif-a-points","status":"publish","type":"post","link":"https:\/\/www.lacgtmontreuil.fr\/?p=7030","title":{"rendered":"Je, Tu, UL n\u00b0429 &#8211; MANIF \u00c0 POINTS"},"content":{"rendered":"\n<p>6, rue Elsa Triolet&nbsp;\u2013&nbsp;C\u2019est devant l\u2019<strong>UCANSS<\/strong> que les d\u00e9l\u00e9gations syndicales de nombreux organismes de S\u00e9curit\u00e9 Sociale se sont rassembl\u00e9es mardi 13 d\u00e9cembre pour r\u00e9clamer une revalorisation du point d\u2019indice \u00e0 10 euros (contre 7,49 actuellement). La police bloquant l\u2019acc\u00e8s au b\u00e2timent de la direction, une repr\u00e9sentation unitaire a \u00e9t\u00e9 re\u00e7ue au nom des 400 manifestants r\u00e9unis et des milliers de gr\u00e9vistes porteurs, en France, de la m\u00eame revendication salariale. Apr\u00e8s la seule promesse d\u2019une nouvelle r\u00e9union, \u00e0 13h00 la Directrice de l\u2019UNCANSS a pris la fuite&#8230;6, rue Elsa Triolet&nbsp;\u2013&nbsp;C\u2019est devant l\u2019UCANSS que les d\u00e9l\u00e9gations syndicales de nombreux organismes de S\u00e9curit\u00e9 Sociale se sont rassembl\u00e9es mardi 13 d\u00e9cembre pour r\u00e9clamer une revalorisation du point d\u2019indice \u00e0 10 euros (contre 7,49 actuellement). La police bloquant l\u2019acc\u00e8s au b\u00e2timent de la direction, une repr\u00e9sentation unitaire a \u00e9t\u00e9 re\u00e7ue au nom des 400 manifestants r\u00e9unis et des milliers de gr\u00e9vistes porteurs, en France, de la m\u00eame revendication salariale. Apr\u00e8s la seule promesse d\u2019une nouvelle r\u00e9union, \u00e0 13h00 la Directrice de l\u2019UNCANSS a pris la fuite&#8230;<\/p>\n","protected":false},"excerpt":{"rendered":"<p>6, rue Elsa Triolet&nbsp;\u2013&nbsp;C\u2019est devant l\u2019UCANSS que les d\u00e9l\u00e9gations syndicales de nombreux organismes de S\u00e9curit\u00e9 Sociale se sont rassembl\u00e9es mardi 13 d\u00e9cembre pour r\u00e9clamer une revalorisation du point d\u2019indice \u00e0 10 euros (contre 7,49 actuellement). La police bloquant l\u2019acc\u00e8s au b\u00e2timent de la direction, une repr\u00e9sentation unitaire a \u00e9t\u00e9 re\u00e7ue au nom des 400 manifestants &hellip; <\/p>\n","protected":false},"author":1,"featured_media":0,"comment_status":"closed","ping_status":"open","sticky":false,"template":"","format":"standard","meta":{"footnotes":""},"categories":[2],"tags":[],"class_list":{"0":"entry","1":"post","2":"publish","3":"author-ulmontreuil","4":"post-7030","6":"format-standard","7":"category-je-tu-ul"},"_links":{"self":[{"href":"https:\/\/www.lacgtmontreuil.fr\/index.php?rest_route=\/wp\/v2\/posts\/7030","targetHints":{"allow":["GET"]}}],"collection":[{"href":"https:\/\/www.lacgtmontreuil.fr\/index.php?rest_route=\/wp\/v2\/posts"}],"about":[{"href":"https:\/\/www.lacgtmontreuil.fr\/index.php?rest_route=\/wp\/v2\/types\/post"}],"author":[{"embeddable":true,"href":"https:\/\/www.lacgtmontreuil.fr\/index.php?rest_route=\/wp\/v2\/users\/1"}],"replies":[{"embeddable":true,"href":"https:\/\/www.lacgtmontreuil.fr\/index.php?rest_route=%2Fwp%2Fv2%2Fcomments&post=7030"}],"version-history":[{"count":2,"href":"https:\/\/www.lacgtmontreuil.fr\/index.php?rest_route=\/wp\/v2\/posts\/7030\/revisions"}],"predecessor-version":[{"id":7817,"href":"https:\/\/www.lacgtmontreuil.fr\/index.php?rest_route=\/wp\/v2\/posts\/7030\/revisions\/7817"}],"wp:attachment":[{"href":"https:\/\/www.lacgtmontreuil.fr\/index.php?rest_route=%2Fwp%2Fv2%2Fmedia&parent=7030"}],"wp:term":[{"taxonomy":"category","embeddable":true,"href":"https:\/\/www.lacgtmontreuil.fr\/index.php?rest_route=%2Fwp%2Fv2%2Fcategories&post=7030"},{"taxonomy":"post_tag","embeddable":true,"href":"https:\/\/www.lacgtmontreuil.fr\/index.php?rest_route=%2Fwp%2Fv2%2Ftags&post=7030"}],"curies":[{"name":"wp","href":"https:\/\/api.w.org\/{rel}","templated":true}]}}