{"id":7012,"date":"2022-12-10T08:51:00","date_gmt":"2022-12-10T07:51:00","guid":{"rendered":"https:\/\/www.lacgtmontreuil.fr\/?p=7012"},"modified":"2023-09-11T12:08:52","modified_gmt":"2023-09-11T10:08:52","slug":"je-tu-ul-n428-fin-darnaque","status":"publish","type":"post","link":"https:\/\/www.lacgtmontreuil.fr\/?p=7012","title":{"rendered":"Je, Tu, UL n\u00b0428 &#8211; FIN D&rsquo;ARNAQUE"},"content":{"rendered":"\n<p>19, avenue de la R\u00e9sistance&nbsp;\u2013&nbsp;A <strong>MONOPRIX<\/strong>, la CGT vient d\u2019obtenir du Tribunal Judiciaire de Nanterre la condamnation de l\u2019accord d\u2019entreprise sign\u00e9 par la CFDT et la CFE-CGC qui autorisait le \u00ab travail de fin de journ\u00e9e \u00bb jusqu\u2019\u00e0 22 heures. Les juges ont donc rappel\u00e9 que la loi appelle travail de nuit ce que Monoprix cherchait \u00e0 dissimuler comme fin de journ\u00e9e. M\u00eame sanction pour le cr\u00e9neau de 6 heures \u00e0 7 heures, situ\u00e9 sur la plage nocturne et \u00e9ligible \u00e0 ce titre aux majorations pour travail de nuit.<\/p>\n","protected":false},"excerpt":{"rendered":"<p>19, avenue de la R\u00e9sistance&nbsp;\u2013&nbsp;A MONOPRIX, la CGT vient d\u2019obtenir du Tribunal Judiciaire de Nanterre la condamnation de l\u2019accord d\u2019entreprise sign\u00e9 par la CFDT et la CFE-CGC qui autorisait le \u00ab travail de fin de journ\u00e9e \u00bb jusqu\u2019\u00e0 22 heures. Les juges ont donc rappel\u00e9 que la loi appelle travail de nuit ce que Monoprix &hellip; <\/p>\n","protected":false},"author":1,"featured_media":0,"comment_status":"closed","ping_status":"open","sticky":false,"template":"","format":"standard","meta":{"footnotes":""},"categories":[2],"tags":[],"class_list":{"0":"entry","1":"post","2":"publish","3":"author-ulmontreuil","4":"post-7012","6":"format-standard","7":"category-je-tu-ul"},"_links":{"self":[{"href":"https:\/\/www.lacgtmontreuil.fr\/index.php?rest_route=\/wp\/v2\/posts\/7012","targetHints":{"allow":["GET"]}}],"collection":[{"href":"https:\/\/www.lacgtmontreuil.fr\/index.php?rest_route=\/wp\/v2\/posts"}],"about":[{"href":"https:\/\/www.lacgtmontreuil.fr\/index.php?rest_route=\/wp\/v2\/types\/post"}],"author":[{"embeddable":true,"href":"https:\/\/www.lacgtmontreuil.fr\/index.php?rest_route=\/wp\/v2\/users\/1"}],"replies":[{"embeddable":true,"href":"https:\/\/www.lacgtmontreuil.fr\/index.php?rest_route=%2Fwp%2Fv2%2Fcomments&post=7012"}],"version-history":[{"count":2,"href":"https:\/\/www.lacgtmontreuil.fr\/index.php?rest_route=\/wp\/v2\/posts\/7012\/revisions"}],"predecessor-version":[{"id":7808,"href":"https:\/\/www.lacgtmontreuil.fr\/index.php?rest_route=\/wp\/v2\/posts\/7012\/revisions\/7808"}],"wp:attachment":[{"href":"https:\/\/www.lacgtmontreuil.fr\/index.php?rest_route=%2Fwp%2Fv2%2Fmedia&parent=7012"}],"wp:term":[{"taxonomy":"category","embeddable":true,"href":"https:\/\/www.lacgtmontreuil.fr\/index.php?rest_route=%2Fwp%2Fv2%2Fcategories&post=7012"},{"taxonomy":"post_tag","embeddable":true,"href":"https:\/\/www.lacgtmontreuil.fr\/index.php?rest_route=%2Fwp%2Fv2%2Ftags&post=7012"}],"curies":[{"name":"wp","href":"https:\/\/api.w.org\/{rel}","templated":true}]}}