{"id":6940,"date":"2022-11-15T08:38:00","date_gmt":"2022-11-15T07:38:00","guid":{"rendered":"https:\/\/www.lacgtmontreuil.fr\/?p=6940"},"modified":"2023-09-11T12:07:29","modified_gmt":"2023-09-11T10:07:29","slug":"je-tu-ul-n426-cachez-ce-deuil-que-je-ne-saurais-voir","status":"publish","type":"post","link":"https:\/\/www.lacgtmontreuil.fr\/?p=6940","title":{"rendered":"Je, Tu, UL n\u00b0426 &#8211; CACHEZ CE DEUIL QUE JE NE SAURAIS VOIR"},"content":{"rendered":"\n<p>44, boulevard Rouget de Lisle&nbsp;\u2013&nbsp;<strong>A LA POSTE<\/strong>, c\u2019est le r\u00e9cent suicide d\u2019un coll\u00e8gue qui pose \u00e0 nouveau la question des rythmes et conditions de travail. Pour la direction, la seule gestion de crise aura \u00e9t\u00e9 de convoquer le personnel pour \u00ab expliquer \u00bb que des probl\u00e8mes familiaux \u00e9taient \u00e0 l\u2019origine de ce geste. De son c\u00f4t\u00e9, la CGT a exig\u00e9 une r\u00e9union exceptionnelle du CHSCT, apr\u00e8s avoir fait valoir un droit de retrait.<\/p>\n","protected":false},"excerpt":{"rendered":"<p>44, boulevard Rouget de Lisle&nbsp;\u2013&nbsp;A LA POSTE, c\u2019est le r\u00e9cent suicide d\u2019un coll\u00e8gue qui pose \u00e0 nouveau la question des rythmes et conditions de travail. Pour la direction, la seule gestion de crise aura \u00e9t\u00e9 de convoquer le personnel pour \u00ab expliquer \u00bb que des probl\u00e8mes familiaux \u00e9taient \u00e0 l\u2019origine de ce geste. De son &hellip; <\/p>\n","protected":false},"author":1,"featured_media":0,"comment_status":"closed","ping_status":"open","sticky":false,"template":"","format":"standard","meta":{"footnotes":""},"categories":[2],"tags":[],"class_list":{"0":"entry","1":"post","2":"publish","3":"author-ulmontreuil","4":"post-6940","6":"format-standard","7":"category-je-tu-ul"},"_links":{"self":[{"href":"https:\/\/www.lacgtmontreuil.fr\/index.php?rest_route=\/wp\/v2\/posts\/6940","targetHints":{"allow":["GET"]}}],"collection":[{"href":"https:\/\/www.lacgtmontreuil.fr\/index.php?rest_route=\/wp\/v2\/posts"}],"about":[{"href":"https:\/\/www.lacgtmontreuil.fr\/index.php?rest_route=\/wp\/v2\/types\/post"}],"author":[{"embeddable":true,"href":"https:\/\/www.lacgtmontreuil.fr\/index.php?rest_route=\/wp\/v2\/users\/1"}],"replies":[{"embeddable":true,"href":"https:\/\/www.lacgtmontreuil.fr\/index.php?rest_route=%2Fwp%2Fv2%2Fcomments&post=6940"}],"version-history":[{"count":2,"href":"https:\/\/www.lacgtmontreuil.fr\/index.php?rest_route=\/wp\/v2\/posts\/6940\/revisions"}],"predecessor-version":[{"id":7772,"href":"https:\/\/www.lacgtmontreuil.fr\/index.php?rest_route=\/wp\/v2\/posts\/6940\/revisions\/7772"}],"wp:attachment":[{"href":"https:\/\/www.lacgtmontreuil.fr\/index.php?rest_route=%2Fwp%2Fv2%2Fmedia&parent=6940"}],"wp:term":[{"taxonomy":"category","embeddable":true,"href":"https:\/\/www.lacgtmontreuil.fr\/index.php?rest_route=%2Fwp%2Fv2%2Fcategories&post=6940"},{"taxonomy":"post_tag","embeddable":true,"href":"https:\/\/www.lacgtmontreuil.fr\/index.php?rest_route=%2Fwp%2Fv2%2Ftags&post=6940"}],"curies":[{"name":"wp","href":"https:\/\/api.w.org\/{rel}","templated":true}]}}