{"id":692,"date":"2018-02-13T16:47:44","date_gmt":"2018-02-13T15:47:44","guid":{"rendered":"http:\/\/www.lacgtmontreuil.fr\/?p=692"},"modified":"2020-09-23T09:40:23","modified_gmt":"2020-09-23T07:40:23","slug":"je-tu-ul-mi-mai-2012-n-97","status":"publish","type":"post","link":"https:\/\/www.lacgtmontreuil.fr\/?p=692","title":{"rendered":"Je, Tu, UL\u2026  Mi-Mai 2012  N\u00b0 97"},"content":{"rendered":"<p><strong> Les br\u00e8ves de l\u2019UL CGT de Montreuil, 24, rue de Paris<\/strong><\/p>\n<p><img loading=\"lazy\" decoding=\"async\" width=\"109\" height=\"155\" class=\"wp-image-693\" src=\"https:\/\/www.lacgtmontreuil.fr\/wp-content\/uploads\/2018\/02\/logo_cgt-56.jpeg\" alt=\"logo_cgt\" \/>\u00a0\u00a0 <strong>Je, Tu, UL\u2026\u00a0 Mi-Mai 2012\u00a0 N\u00b0 97<\/strong><\/p>\n<p><em>\u00ab\u00a0Pas besoin de travailler plus, exigeons de travailler tous\u00a0!\u00a0\u00bb<\/em><\/p>\n<p><strong>LP ART EN GR\u00c8VE :<\/strong> 274, rue de Rosny \u2013 80% de gr\u00e9vistes jeudi 10 mai parmi les 175 salari\u00e9s de cette entreprise de transport. Outre l\u2019ouverture de n\u00e9gociation pour une salari\u00e9e licenci\u00e9e, la CGT obtient une prime de 100 euros nets pour mai, l\u2019avancement des NAO de septembre \u00e0 juin, la r\u00e9gularisation sous 3 mois du contingent annuel de 300 heures suppl\u00e9mentaires, une refonte de la grille des salaires et un lissage \u00e9galitaire de la participation. Et bien s\u00fbr, le paiement de la journ\u00e9e de gr\u00e8ve.<\/p>\n<p><strong>STRICHER N\u2019EST PAS N\u00c9GOCIER\u00a0:<\/strong> 284, rue de Rosny \u2013 Chez STRICHER, autre entreprise de transport situ\u00e9e dans la m\u00eame rue, c\u2019est la \u00ab\u00a0Journ\u00e9e de Solidarit\u00e9\u00a0\u00bb qui f\u00e2che. La CGT met en avant l\u2019accord sign\u00e9 dans la maison-m\u00e8re \u2013 le groupe \u00ab\u00a0Petit Forestier\u00a0\u00bb &#8211; stipulant que \u00ab\u00a0les salari\u00e9s seront dispens\u00e9s de l\u2019accomplissement de cette journ\u00e9e de solidarit\u00e9 due au titre de l\u2019ann\u00e9e 2012\u00a0\u00bb. R\u00e9clamant pour Stricher les m\u00eames modalit\u00e9s, la CGT pr\u00e9cise qu\u2019elle est \u00ab\u00a0disponible pour n\u00e9gocier un tel accord d\u2019entreprise, voire \u00e0 l\u2019am\u00e9liorer\u00a0\u00bb. Une p\u00e9tition est lanc\u00e9e\u2026<\/p>\n<p><strong>HEAVY METAL :<\/strong> 18, rue Saint-Antoine \u2013 GENERAL METAL qui se pr\u00e9sente comme fa\u00e7onneur d\u2019acier pour le b\u00e2timent, refuse d\u2019appliquer la convention collective correspondant \u00e0 son activit\u00e9. La soci\u00e9t\u00e9 s\u2019est donc affili\u00e9e \u00e0 la CCN des Entreprises Artistiques et Culturelles\u2026 Embauch\u00e9e comme serrurier-m\u00e9tallier et refusant d\u2019\u00eatre figurante,\u00a0une salari\u00e9e\u00a0vient d\u2019\u00eatre d\u00e9sign\u00e9e repr\u00e9sentante syndicale CGT\u00a0pour G\u00e9n\u00e9ral M\u00e9tal et exige la mise en place d\u2019\u00e9lections professionnelles\u00a0; une premi\u00e8re\u00a0!<\/p>\n<p><strong>PET AU COMPTEUR\u00a0: <\/strong>14-18, rue Kl\u00e9ber \u2013 ACTUDES-INTERVIEWS a \u00e9t\u00e9 mise le 4 mai dernier en liquidation judiciaire imm\u00e9diate, avec Ma\u00eetre MOYRAND en qualit\u00e9 de mandataire-liquidateur. Mais alors que la CGT d\u00e9nombre 54 salari\u00e9s pr\u00e9sents dans l\u2019entreprise, Ma\u00eetre MOYRAND pr\u00e9tend en C.E. ne d\u00e9nombrer que 4 CDI et 37 CDD d\u2019usage\u2026 dont 2 chefs d\u2019\u00e9quipe. Un comptage que notre camarade Anne LACAZE a imm\u00e9diatement contest\u00e9 en soulignant ce paradoxe\u00a0: \u00e0 suivre le raisonnement du mandataire, aucun des \u00e9lus du CE ne serait \u00e0 licencier\u00a0!<\/p>\n<p><strong>LA DIRECCTE, C\u2019EST ICI :<\/strong> 38, rue de la R\u00e9publique \u2013 La DIRECCTE \u00cele de France vient de r\u00e9silier le bail des locaux de l\u2019Inspection du Travail de Montreuil, et annonce son transfert \u00e0 Bobigny pour septembre prochain. L\u2019ensemble des organisations syndicales avait condamn\u00e9 en 2011 ce qui n\u2019\u00e9tait encore qu\u2019un projet. O\u00f9 serait le \u00ab\u00a0changement\u00a0\u00bb, si la proximit\u00e9 du service public du Travail continuait d\u2019\u00eatre sacrifi\u00e9e\u00a0? Des locaux adapt\u00e9s \u00e0 Montreuil, \u00e7a doit pouvoir se trouver\u2026<\/p>\n","protected":false},"excerpt":{"rendered":"<p>Les br\u00e8ves de l\u2019UL CGT de Montreuil, 24, rue de Paris \u00a0\u00a0 Je, Tu, UL\u2026\u00a0 Mi-Mai 2012\u00a0 N\u00b0 97 \u00ab\u00a0Pas besoin de travailler plus, exigeons de travailler tous\u00a0!\u00a0\u00bb LP ART EN GR\u00c8VE : 274, rue de Rosny \u2013 80% de gr\u00e9vistes jeudi 10 mai parmi les 175 salari\u00e9s de cette entreprise de transport. Outre l\u2019ouverture &hellip; <\/p>\n","protected":false},"author":1,"featured_media":0,"comment_status":"closed","ping_status":"open","sticky":false,"template":"","format":"standard","meta":{"footnotes":""},"categories":[2],"tags":[],"class_list":{"0":"entry","1":"post","2":"publish","3":"author-ulmontreuil","4":"post-692","6":"format-standard","7":"category-je-tu-ul"},"_links":{"self":[{"href":"https:\/\/www.lacgtmontreuil.fr\/index.php?rest_route=\/wp\/v2\/posts\/692","targetHints":{"allow":["GET"]}}],"collection":[{"href":"https:\/\/www.lacgtmontreuil.fr\/index.php?rest_route=\/wp\/v2\/posts"}],"about":[{"href":"https:\/\/www.lacgtmontreuil.fr\/index.php?rest_route=\/wp\/v2\/types\/post"}],"author":[{"embeddable":true,"href":"https:\/\/www.lacgtmontreuil.fr\/index.php?rest_route=\/wp\/v2\/users\/1"}],"replies":[{"embeddable":true,"href":"https:\/\/www.lacgtmontreuil.fr\/index.php?rest_route=%2Fwp%2Fv2%2Fcomments&post=692"}],"version-history":[{"count":3,"href":"https:\/\/www.lacgtmontreuil.fr\/index.php?rest_route=\/wp\/v2\/posts\/692\/revisions"}],"predecessor-version":[{"id":4592,"href":"https:\/\/www.lacgtmontreuil.fr\/index.php?rest_route=\/wp\/v2\/posts\/692\/revisions\/4592"}],"wp:attachment":[{"href":"https:\/\/www.lacgtmontreuil.fr\/index.php?rest_route=%2Fwp%2Fv2%2Fmedia&parent=692"}],"wp:term":[{"taxonomy":"category","embeddable":true,"href":"https:\/\/www.lacgtmontreuil.fr\/index.php?rest_route=%2Fwp%2Fv2%2Fcategories&post=692"},{"taxonomy":"post_tag","embeddable":true,"href":"https:\/\/www.lacgtmontreuil.fr\/index.php?rest_route=%2Fwp%2Fv2%2Ftags&post=692"}],"curies":[{"name":"wp","href":"https:\/\/api.w.org\/{rel}","templated":true}]}}