{"id":6895,"date":"2022-10-15T07:28:00","date_gmt":"2022-10-15T05:28:00","guid":{"rendered":"https:\/\/www.lacgtmontreuil.fr\/?p=6895"},"modified":"2023-09-11T12:06:15","modified_gmt":"2023-09-11T10:06:15","slug":"je-tu-ul-n424-piquet-en-commun","status":"publish","type":"post","link":"https:\/\/www.lacgtmontreuil.fr\/?p=6895","title":{"rendered":"Je, Tu, UL n\u00b0424 &#8211; PIQUET EN COMMUN"},"content":{"rendered":"\n<p>Place Jean Jaur\u00e8s&nbsp;\u2013&nbsp;La <strong>RATP BUS<\/strong> entend r\u00e9sister \u00e0 la privatisation annonc\u00e9e pour 2024 de la totalit\u00e9 du r\u00e9seau, en s\u2019appuyant sur les usagers. D\u2019o\u00f9 le piquet de gr\u00e8ve organis\u00e9 le jeudi 13 octobre \u00e0 l\u2019aube, au d\u00e9p\u00f4t des Lilas, dont d\u00e9pendent la plupart des machinistes qui op\u00e8rent sur Montreuil, par les syndicats CGT et UNSA, rejoints par de nombreux usagers ainsi que par le maire de Montreuil et des \u00e9lus des villes voisines. Au menu : l\u2019exigence de la r\u00e9gularit\u00e9 des lignes avec une fr\u00e9quence suffisante, un plan d\u2019embauche massif et le maintien du monopole public.place Jean Jaur\u00e8s&nbsp;\u2013&nbsp;La RATP BUS entend r\u00e9sister \u00e0 la privatisation annonc\u00e9e pour 2024 de la totalit\u00e9 du r\u00e9seau, en s\u2019appuyant sur les usagers. D\u2019o\u00f9 le piquet de gr\u00e8ve organis\u00e9 le jeudi 13 octobre \u00e0 l\u2019aube, au d\u00e9p\u00f4t des Lilas, dont d\u00e9pendent la plupart des machinistes qui op\u00e8rent sur Montreuil, par les syndicats CGT et UNSA, rejoints par de nombreux usagers ainsi que par le maire de Montreuil et des \u00e9lus des villes voisines. Au menu : l\u2019exigence de la r\u00e9gularit\u00e9 des lignes avec une fr\u00e9quence suffisante, un plan d\u2019embauche massif et le maintien du monopole public.<\/p>\n","protected":false},"excerpt":{"rendered":"<p>Place Jean Jaur\u00e8s&nbsp;\u2013&nbsp;La RATP BUS entend r\u00e9sister \u00e0 la privatisation annonc\u00e9e pour 2024 de la totalit\u00e9 du r\u00e9seau, en s\u2019appuyant sur les usagers. D\u2019o\u00f9 le piquet de gr\u00e8ve organis\u00e9 le jeudi 13 octobre \u00e0 l\u2019aube, au d\u00e9p\u00f4t des Lilas, dont d\u00e9pendent la plupart des machinistes qui op\u00e8rent sur Montreuil, par les syndicats CGT et UNSA, &hellip; <\/p>\n","protected":false},"author":1,"featured_media":0,"comment_status":"closed","ping_status":"open","sticky":false,"template":"","format":"standard","meta":{"footnotes":""},"categories":[2],"tags":[],"class_list":{"0":"entry","1":"post","2":"publish","3":"author-ulmontreuil","4":"post-6895","6":"format-standard","7":"category-je-tu-ul"},"_links":{"self":[{"href":"https:\/\/www.lacgtmontreuil.fr\/index.php?rest_route=\/wp\/v2\/posts\/6895","targetHints":{"allow":["GET"]}}],"collection":[{"href":"https:\/\/www.lacgtmontreuil.fr\/index.php?rest_route=\/wp\/v2\/posts"}],"about":[{"href":"https:\/\/www.lacgtmontreuil.fr\/index.php?rest_route=\/wp\/v2\/types\/post"}],"author":[{"embeddable":true,"href":"https:\/\/www.lacgtmontreuil.fr\/index.php?rest_route=\/wp\/v2\/users\/1"}],"replies":[{"embeddable":true,"href":"https:\/\/www.lacgtmontreuil.fr\/index.php?rest_route=%2Fwp%2Fv2%2Fcomments&post=6895"}],"version-history":[{"count":2,"href":"https:\/\/www.lacgtmontreuil.fr\/index.php?rest_route=\/wp\/v2\/posts\/6895\/revisions"}],"predecessor-version":[{"id":7748,"href":"https:\/\/www.lacgtmontreuil.fr\/index.php?rest_route=\/wp\/v2\/posts\/6895\/revisions\/7748"}],"wp:attachment":[{"href":"https:\/\/www.lacgtmontreuil.fr\/index.php?rest_route=%2Fwp%2Fv2%2Fmedia&parent=6895"}],"wp:term":[{"taxonomy":"category","embeddable":true,"href":"https:\/\/www.lacgtmontreuil.fr\/index.php?rest_route=%2Fwp%2Fv2%2Fcategories&post=6895"},{"taxonomy":"post_tag","embeddable":true,"href":"https:\/\/www.lacgtmontreuil.fr\/index.php?rest_route=%2Fwp%2Fv2%2Ftags&post=6895"}],"curies":[{"name":"wp","href":"https:\/\/api.w.org\/{rel}","templated":true}]}}