{"id":684,"date":"2018-02-13T16:41:25","date_gmt":"2018-02-13T15:41:25","guid":{"rendered":"http:\/\/www.lacgtmontreuil.fr\/?p=684"},"modified":"2018-02-13T16:41:25","modified_gmt":"2018-02-13T15:41:25","slug":"je-tu-ul-fin-avril-2012-n-95","status":"publish","type":"post","link":"https:\/\/www.lacgtmontreuil.fr\/?p=684","title":{"rendered":"Je, Tu, UL\u2026  Fin Avril 2012  N\u00b0 95"},"content":{"rendered":"<p><strong> Les br\u00e8ves de l\u2019UL CGT de Montreuil, 24, rue de Paris<\/strong><\/p>\n<p><img loading=\"lazy\" decoding=\"async\" width=\"109\" height=\"155\" class=\"wp-image-686\" src=\"https:\/\/www.lacgtmontreuil.fr\/wp-content\/uploads\/2018\/02\/logo_cgt-54.jpeg\" alt=\"logo_cgt\" \/>\u00a0\u00a0 <strong>Je, Tu, UL\u2026\u00a0 Fin Avril 2012\u00a0 N\u00b0 95<\/strong><\/p>\n<p><em>\u00ab\u00a0Le 6 Mai\u00a0: La retraite \u00e0 57 ans redevient possible\u00a0!\u00a0\u00bb<\/em><\/p>\n<p><strong>LIQUID\u00c9S, MAIS MOBILIS\u00c9S\u00a0:<\/strong> 14-18, rue Kl\u00e9ber \u2013 Les salari\u00e9s d\u2019ACTUDES-INTERVIEWS ont rempli la salle du Tribunal de Commerce ce 25 avril, pour l\u2019annonce programm\u00e9e de la liquidation judiciaire de leur entreprise. Repr\u00e9sentante des salari\u00e9s, notre camarade Anne LACAZE a saisi l\u2019occasion pour d\u00e9noncer la responsabilit\u00e9 de l\u2019institut de sondages BVA, la pancarte port\u00e9e par les manifestants pr\u00e9cisant\u00a0: \u00ab\u00a0100% des licenci\u00e9s d\u2019Actudes disent merci \u00e0 BVA\u00a0\u00bb. Prochaine \u00e9tape pour la section CGT\u00a0: faire reconna\u00eetre au mandataire liquidateur que les contrats-poubelles des enqu\u00eateurs sont des CDI d\u00e9guis\u00e9s\u2026 justifiant des licenciements \u00e9conomiques.<\/p>\n<p><strong>\u00c9LU PAR LE PERSONNEL, BATTU PAR LE PATRON\u00a0:<\/strong> 111, rue de Stalingrad \u2013 Chez RDM, entreprise g\u00e9n\u00e9rale de b\u00e2timent, l\u2019\u00e9lection des d\u00e9l\u00e9g\u00e9u\u00e9s du personnel, vendredi 27 avril, aura \u00e9t\u00e9 le bapt\u00eame du feu pour la nouvelle section CGT. En effet, si la CGT obtient 2 \u00e9lus dont notre camarade Joachim MOREIRA, celui-ci sera aussit\u00f4t mollest\u00e9 par les repr\u00e9sentants de la direction, \u00e0 sa sortie de l\u2019isoloir. Plainte a \u00e9t\u00e9 d\u00e9pos\u00e9e contre cette violence en bande et les constatations m\u00e9dicales sont en cours.<\/p>\n<p><strong>FORMATION SYNDICALE :<\/strong> 10, rue Parmentier \u2013 La direction du CIDEFE, centre de formation pour les \u00e9lus et mandat\u00e9s, entendait \u00ab\u00a0suspendre\u00a0\u00bb l\u2019augmentation de 2% sur les salaires annonc\u00e9e \u00e0 partir du 1<sup>er<\/sup> janvier 2012, au motif que la n\u00e9gociation annuelle obligatoire n\u2019\u00e9tait pas close. Interpr\u00e9tation erron\u00e9e de l\u2019article L.2242-3 du Code du Travail pour la CGT, car cesse d\u2019\u00eatre une d\u00e9cision unilat\u00e9rale de l\u2019employeur\u2026 ce que le n\u00e9gociateur syndical Boris MILISAVLJEVIC a d\u00e9j\u00e0 accept\u00e9\u00a0! L\u2019UL-CGT a donc adress\u00e9 un courrier formateur sur cette s\u00e9mantique de la n\u00e9gociation.<\/p>\n<p><strong>LE MINIST\u00c8RE DU VRAI TRAVAIL: <\/strong>70, rue Douy-Delcupe \u2013 La FONDATION 93 vient de licencier notre camarade Nacira LIMAMA\u2026 enceinte de 6 mois, suite \u00e0 l\u2019autorisation accord\u00e9e par le Minist\u00e8re du Travail. Une autorisation d\u2019autant plus \u00e9trange qu\u2019elle fait fi de tous les \u00e9l\u00e9ments d\u2019enqu\u00eate pr\u00e9alable et oublie aussi le mandat de d\u00e9l\u00e9gu\u00e9e syndicale qu\u2019elle d\u00e9tenait. Le Tribunal Administratif de Montreuil a aussit\u00f4t \u00e9t\u00e9 saisi, en r\u00e9f\u00e9r\u00e9 et sur le fond.<\/p>\n<p><strong>TU PARS C\u2019EST BIEN,\u00a0TUI PAYE C\u2019EST MIEUX\u00a0!:<\/strong> 74, rue de Lagny \u2013 Les malversations chez Nouvelles fronti\u00e8res continuent d\u2019engendrer des d\u00e9parts (plus ou moins volontaires) au sommet de TUI TRAVEL. C\u2019est ainsi que le PDG, Monsieur Brackx, vient de d\u00e9gager\u00a0! Mais pour les syndicats CGT et FO, le compte n\u2019y est toujours pas quand le plan d\u2019\u00e9conomie reste support\u00e9 \u00e0 78% par le personnel, avec 484 postes supprim\u00e9s. Les moyens financiers du groupe montrent que TUI peut payer\u00a0!<\/p>\n","protected":false},"excerpt":{"rendered":"<p>Les br\u00e8ves de l\u2019UL CGT de Montreuil, 24, rue de Paris \u00a0\u00a0 Je, Tu, UL\u2026\u00a0 Fin Avril 2012\u00a0 N\u00b0 95 \u00ab\u00a0Le 6 Mai\u00a0: La retraite \u00e0 57 ans redevient possible\u00a0!\u00a0\u00bb LIQUID\u00c9S, MAIS MOBILIS\u00c9S\u00a0: 14-18, rue Kl\u00e9ber \u2013 Les salari\u00e9s d\u2019ACTUDES-INTERVIEWS ont rempli la salle du Tribunal de Commerce ce 25 avril, pour l\u2019annonce programm\u00e9e de &hellip; <\/p>\n","protected":false},"author":1,"featured_media":0,"comment_status":"closed","ping_status":"open","sticky":false,"template":"","format":"standard","meta":{"footnotes":""},"categories":[2],"tags":[],"class_list":{"0":"entry","1":"post","2":"publish","3":"author-ulmontreuil","4":"post-684","6":"format-standard","7":"category-je-tu-ul"},"_links":{"self":[{"href":"https:\/\/www.lacgtmontreuil.fr\/index.php?rest_route=\/wp\/v2\/posts\/684","targetHints":{"allow":["GET"]}}],"collection":[{"href":"https:\/\/www.lacgtmontreuil.fr\/index.php?rest_route=\/wp\/v2\/posts"}],"about":[{"href":"https:\/\/www.lacgtmontreuil.fr\/index.php?rest_route=\/wp\/v2\/types\/post"}],"author":[{"embeddable":true,"href":"https:\/\/www.lacgtmontreuil.fr\/index.php?rest_route=\/wp\/v2\/users\/1"}],"replies":[{"embeddable":true,"href":"https:\/\/www.lacgtmontreuil.fr\/index.php?rest_route=%2Fwp%2Fv2%2Fcomments&post=684"}],"version-history":[{"count":1,"href":"https:\/\/www.lacgtmontreuil.fr\/index.php?rest_route=\/wp\/v2\/posts\/684\/revisions"}],"predecessor-version":[{"id":687,"href":"https:\/\/www.lacgtmontreuil.fr\/index.php?rest_route=\/wp\/v2\/posts\/684\/revisions\/687"}],"wp:attachment":[{"href":"https:\/\/www.lacgtmontreuil.fr\/index.php?rest_route=%2Fwp%2Fv2%2Fmedia&parent=684"}],"wp:term":[{"taxonomy":"category","embeddable":true,"href":"https:\/\/www.lacgtmontreuil.fr\/index.php?rest_route=%2Fwp%2Fv2%2Fcategories&post=684"},{"taxonomy":"post_tag","embeddable":true,"href":"https:\/\/www.lacgtmontreuil.fr\/index.php?rest_route=%2Fwp%2Fv2%2Ftags&post=684"}],"curies":[{"name":"wp","href":"https:\/\/api.w.org\/{rel}","templated":true}]}}