{"id":675,"date":"2018-02-13T16:34:42","date_gmt":"2018-02-13T15:34:42","guid":{"rendered":"http:\/\/www.lacgtmontreuil.fr\/?p=675"},"modified":"2018-02-13T16:34:42","modified_gmt":"2018-02-13T15:34:42","slug":"je-tu-ul-fin-mars-2012-n-92","status":"publish","type":"post","link":"https:\/\/www.lacgtmontreuil.fr\/?p=675","title":{"rendered":"Je, Tu, UL\u2026  Fin Mars 2012  N\u00b0 92"},"content":{"rendered":"<p><strong> Les br\u00e8ves de l\u2019UL CGT de Montreuil, 24, rue de Paris<\/strong><\/p>\n<p><img loading=\"lazy\" decoding=\"async\" width=\"109\" height=\"155\" class=\"wp-image-676\" src=\"https:\/\/www.lacgtmontreuil.fr\/wp-content\/uploads\/2018\/02\/logo_cgt-50.jpeg\" alt=\"logo_cgt\" \/>\u00a0\u00a0 <strong>Je, Tu, UL\u2026\u00a0 Fin Mars 2012\u00a0 N\u00b0 92<\/strong><\/p>\n<p><em>\u00ab\u00a0L\u2019ins\u00e9curit\u00e9, c\u2019est le MEDEF \u00e0 l\u2019Elys\u00e9e\u00bb<\/em><\/p>\n<p><strong>COS TOUJOURS, TU M\u2019INT\u00c9RESSES :<\/strong> Place Jean Jaur\u00e8s \u2013 Le personnel de la Mairie de Montreuil \u00e9tait somm\u00e9 d\u2019accepter la r\u00e9vision \u00e0 la baisse de la subvention allou\u00e9e au COS (\u00e9quivalent du CE, charg\u00e9 des \u0153uvres sociales). La Municipalit\u00e9 avait m\u00eame laiss\u00e9 \u00ab\u00a0fuiter\u00a0\u00bb dans la presse que les syndicats s\u2019\u00e9taient r\u00e9sign\u00e9s \u00e0 signer cette convention au rabais\u2026 Un enthousiasme pr\u00e9matur\u00e9, vite corrig\u00e9 par la consultation des syndiqu\u00e9s CGT qui se sont massivement prononc\u00e9, \u00e0 75%, contre la signature de cet accord qui aurait ent\u00e9rin\u00e9 un recul majeur sur 3 ans. Le 27, ce sera \u00e0 l\u2019AG du personnel de d\u00e9cider des suites \u00e0 donner\u2026<\/p>\n<p><strong>LAFONTAINE INTARRISSABLE:<\/strong> 3, impasse de la Paix \u2013 La soci\u00e9t\u00e9 LAFONTAINE employait depuis 2007, tant\u00f4t en b\u00e2timent, tant\u00f4t en nettoyage, des salari\u00e9-e-s aux contrats incertains, pay\u00e9s ou pas, \u00e0 la petite semaine. Liquid\u00e9e en 2010\u2026 l\u2019entreprise continue en toute ill\u00e9galit\u00e9 \u00e0 faire travailler son personnel tandis que le mandataire liquidateur s\u2019obstine \u00e0 ne pas r\u00e9gler les cr\u00e9ances salariales. Le 23 mars, le Conseil de Prud\u2019hommes a enfin condamn\u00e9 le passif de LAFONTAINE \u00e0 payer 8500\u20ac \u00e0 Fatima BELKOUK, d\u00e9fendue par la CGT. Une premi\u00e8re d\u00e9cision qui en appelle d\u2019autres, mais les escrocs courent toujours\u00a0!<\/p>\n<p><strong>PANDA G\u00c9ANT\u00a0: <\/strong>31, rue Jean-Jacques Rousseau \u2013 Suite \u00e0 l\u2019accord pr\u00e9-\u00e9lectoral n\u00e9goci\u00e9 par FO et la CGT au sein de l\u2019Association PANDA, les travailleuses de l\u2019aide \u00e0 domicile \u00e9lisaient leur d\u00e9l\u00e9gu\u00e9es du personnel le 13 mars dernier. Par 25 voix sur 25, le personnel a choisi nos camarades Mounia BENAKHLA et Slavica GRLJANOVIC pour les repr\u00e9senter. Pour le dire plus simplement, elles ont toutes vot\u00e9 CGT.<\/p>\n<p><strong>LA BALLADE DES GENS HEUREUX :<\/strong> 66-72, rue Marceau \u2013 Chez SANTE SERVICE, \u00e9tablissement priv\u00e9 d\u2019hospitalisation \u00e0 domicile, les questions fusent sur la gestion du Comit\u00e9 d\u2019Entreprise, dont la CGT est soigneusement \u00e9cart\u00e9e. En cause notamment, l\u2019achat massif en 2011 de baladeurs au co\u00fbt unitaire encore secret et dont aucun salari\u00e9 de l\u2019entreprise n\u2019a \u00e9t\u00e9 \u00e0 ce jour destinataire. Pour toute r\u00e9ponse, les syndicats CFTC, CFDT, FO et SUD-Solidaires d\u00e9clarent\u00a0: \u00ab\u00a0c\u2019est de la communication\u00a0\u00bb. Une r\u00e9ponse que Ibrahima NDIAYE, d\u00e9l\u00e9gu\u00e9 syndical CGT, juge\u2026 inaudible.<\/p>\n<p><strong>PARATONERRE SOCIAL CHEZ FRANKLIN :<\/strong> 15-19, rue Franklin \u2013 L\u2019H\u00d4TEL FRANKLIN s\u2019\u00e9tait arrang\u00e9 pour organiser ses derni\u00e8res \u00e9lections en catimini. Les syndiqu\u00e9s CGT ont donc d\u00fb patienter 2 ans pour obtenir de nouvelles \u00e9lections. Cette fois, rendez-vous est pris pour le 29 mars, en plein congr\u00e8s de l\u2019UL-CGT\u2026 mais on y sera quand m\u00eame\u00a0!<\/p>\n","protected":false},"excerpt":{"rendered":"<p>Les br\u00e8ves de l\u2019UL CGT de Montreuil, 24, rue de Paris \u00a0\u00a0 Je, Tu, UL\u2026\u00a0 Fin Mars 2012\u00a0 N\u00b0 92 \u00ab\u00a0L\u2019ins\u00e9curit\u00e9, c\u2019est le MEDEF \u00e0 l\u2019Elys\u00e9e\u00bb COS TOUJOURS, TU M\u2019INT\u00c9RESSES : Place Jean Jaur\u00e8s \u2013 Le personnel de la Mairie de Montreuil \u00e9tait somm\u00e9 d\u2019accepter la r\u00e9vision \u00e0 la baisse de la subvention allou\u00e9e au &hellip; <\/p>\n","protected":false},"author":1,"featured_media":0,"comment_status":"closed","ping_status":"open","sticky":false,"template":"","format":"standard","meta":{"footnotes":""},"categories":[2],"tags":[],"class_list":{"0":"entry","1":"post","2":"publish","3":"author-ulmontreuil","4":"post-675","6":"format-standard","7":"category-je-tu-ul"},"_links":{"self":[{"href":"https:\/\/www.lacgtmontreuil.fr\/index.php?rest_route=\/wp\/v2\/posts\/675","targetHints":{"allow":["GET"]}}],"collection":[{"href":"https:\/\/www.lacgtmontreuil.fr\/index.php?rest_route=\/wp\/v2\/posts"}],"about":[{"href":"https:\/\/www.lacgtmontreuil.fr\/index.php?rest_route=\/wp\/v2\/types\/post"}],"author":[{"embeddable":true,"href":"https:\/\/www.lacgtmontreuil.fr\/index.php?rest_route=\/wp\/v2\/users\/1"}],"replies":[{"embeddable":true,"href":"https:\/\/www.lacgtmontreuil.fr\/index.php?rest_route=%2Fwp%2Fv2%2Fcomments&post=675"}],"version-history":[{"count":1,"href":"https:\/\/www.lacgtmontreuil.fr\/index.php?rest_route=\/wp\/v2\/posts\/675\/revisions"}],"predecessor-version":[{"id":677,"href":"https:\/\/www.lacgtmontreuil.fr\/index.php?rest_route=\/wp\/v2\/posts\/675\/revisions\/677"}],"wp:attachment":[{"href":"https:\/\/www.lacgtmontreuil.fr\/index.php?rest_route=%2Fwp%2Fv2%2Fmedia&parent=675"}],"wp:term":[{"taxonomy":"category","embeddable":true,"href":"https:\/\/www.lacgtmontreuil.fr\/index.php?rest_route=%2Fwp%2Fv2%2Fcategories&post=675"},{"taxonomy":"post_tag","embeddable":true,"href":"https:\/\/www.lacgtmontreuil.fr\/index.php?rest_route=%2Fwp%2Fv2%2Ftags&post=675"}],"curies":[{"name":"wp","href":"https:\/\/api.w.org\/{rel}","templated":true}]}}