{"id":672,"date":"2018-02-13T16:33:00","date_gmt":"2018-02-13T15:33:00","guid":{"rendered":"http:\/\/www.lacgtmontreuil.fr\/?p=672"},"modified":"2018-02-13T16:33:00","modified_gmt":"2018-02-13T15:33:00","slug":"je-tu-ul-fin-mars-2012-n-91","status":"publish","type":"post","link":"https:\/\/www.lacgtmontreuil.fr\/?p=672","title":{"rendered":"Je, Tu, UL\u2026  Fin Mars 2012  N\u00b0 91"},"content":{"rendered":"<p><strong> Les br\u00e8ves de l\u2019UL CGT de Montreuil, 24, rue de Paris<\/strong><\/p>\n<p><img loading=\"lazy\" decoding=\"async\" width=\"109\" height=\"155\" class=\"wp-image-673\" src=\"https:\/\/www.lacgtmontreuil.fr\/wp-content\/uploads\/2018\/02\/logo_cgt-49.jpeg\" alt=\"logo_cgt\" \/>\u00a0\u00a0 <strong>Je, Tu, UL\u2026\u00a0 Fin Mars 2012\u00a0 N\u00b0 91<\/strong><\/p>\n<p><em>\u00ab\u00a0Dette publique, richesse priv\u00e9e\u00a0\u00bb<\/em><\/p>\n<p><strong>LA BRANCHE \u00c9TAIT POURRIE :<\/strong> 44, avenue du Pr\u00e9sident Wilson \u2013 L\u2019ASSIAD, association pour les soins infirmiers et l\u2019aide \u00e0 domicile, s\u2019obstine \u00e0 d\u00e9qualifier en \u00ab\u00a0agents \u00e0 domicile\u00a0\u00bb les assistantes de vie qu\u2019elle emploie et \u00e0 leur refuser toute reprise d\u2019anciennet\u00e9. Et ce, au motif que la nouvelle CCN de Branche \u00ab\u00a0est applicable depuis le 1<sup>er<\/sup> janvier 2012 et n\u2019est pas r\u00e9troactive\u00a0\u00bb. C\u2019est oublier un peu vite que la CGT a fait usage de son droit d\u2019opposition et que cette convention collective a d\u00fb \u00eatre retir\u00e9e, ainsi que l\u2019a rappel\u00e9 notre camarade Marie-Merc\u00e9d\u00e8s PIERRE.<\/p>\n<p><strong>CONVENTION EN VOTATION\u00a0:<\/strong> place Jean Jaur\u00e8s \u2013 La n\u00e9gociation en Mairie sur le montant de la subvention au Comit\u00e9 des \u0152uvres Sociales (COS) achoppe sur la volont\u00e9 municipale d\u2019abandonner la r\u00e8gle des 2% de la masse salariale. C\u2019est donc une convention triennale d\u00e9croissante qui a \u00e9t\u00e9 propos\u00e9e aux organisations syndicales et \u00e0 l\u2019inverse du communiqu\u00e9 triomphal de la Municipalit\u00e9, la CGT n\u2019a pas d\u00e9cid\u00e9 de signer\u2026 mais de consulter le 19 mars par vote \u00e0 bulletin secret, l\u2019ensemble de ses syndiqu\u00e9-e-s.<\/p>\n<p><strong>ALAZARD FAIT BIEN LES CHOSES\u00a0: <\/strong>93, rue Jean Lolive \u2013 ALAZARD ISOLATION tardait \u00e0 n\u00e9gocier la mise en place des d\u00e9l\u00e9gu\u00e9s du personnel. Tant\u00f4t parce que le patron \u00e9tait en province, tant\u00f4t parce que le fils ne connaissait pas l\u2019effectif. Le comptable non plus, apparemment, puisque certains salari\u00e9s n\u2019\u00e9taient plus pay\u00e9s\u00a0! Un petit coup de pression de la CGT, et tout est rentr\u00e9 dans l\u2019ordre\u00a0: avec 7 voix pour 10 \u00e9lecteurs inscrits, nos camarades V\u00e9ronique SORET (titulaire) et Jean-Pierre PASTERNAK (suppl\u00e9ant) viennent d\u2019\u00eatre \u00e9lus haut la main.<\/p>\n<p><strong>ATTENTION, MANDATAIRE MENTEUR\u00a0:<\/strong> 30, boulevard Rouget de l\u2019Isle \u2013 ERA IMMOBILIER mandate \u00e0 0 euro de l\u2019heure ses n\u00e9gociateurs immobiliers, en s\u2019appuyant sur un courrier du Minist\u00e8re de la Justice autorisant l\u2019entreprise \u00e0 recruter\u2026 des auto-entrepreneurs. Mais pour Odile, rest\u00e9e 6 mois sans salaire avec des semaines de 45 heures, l\u2019heure de la requalification a sonn\u00e9\u00a0: licenci\u00e9e par ERA le 9 mars, elle vient de saisir le Conseil de Prud\u2019hommes pour r\u00e9clamer salaires, cong\u00e9s pay\u00e9s, indemnit\u00e9s de rupture et dommages et int\u00e9r\u00eats pour travail dissimul\u00e9.<\/p>\n<p><strong>QATAR BOITEUX\u00a0:<\/strong> 240, rue de Rosny \u2013 QUINETTE-GALLAY, le leader montreuillois du fauteuil de cin\u00e9ma, m\u00e9rite la palme du plus mauvais film. Apr\u00e8s avoir d\u00e9nonc\u00e9 les accords sur le temps de travail en 2011\u2026 pour r\u00e9pondre \u00e0 une commande de 8000 si\u00e8ges du Qatar National Center, la direction vient d\u2019annoncer que le Qatar ne paie plus. Bilan\u00a0de l\u2019op\u00e9ration\u00a0: les salari\u00e9s auront travaill\u00e9 plus pour gagner moins\u2026<\/p>\n","protected":false},"excerpt":{"rendered":"<p>Les br\u00e8ves de l\u2019UL CGT de Montreuil, 24, rue de Paris \u00a0\u00a0 Je, Tu, UL\u2026\u00a0 Fin Mars 2012\u00a0 N\u00b0 91 \u00ab\u00a0Dette publique, richesse priv\u00e9e\u00a0\u00bb LA BRANCHE \u00c9TAIT POURRIE : 44, avenue du Pr\u00e9sident Wilson \u2013 L\u2019ASSIAD, association pour les soins infirmiers et l\u2019aide \u00e0 domicile, s\u2019obstine \u00e0 d\u00e9qualifier en \u00ab\u00a0agents \u00e0 domicile\u00a0\u00bb les assistantes de &hellip; <\/p>\n","protected":false},"author":1,"featured_media":0,"comment_status":"closed","ping_status":"open","sticky":false,"template":"","format":"standard","meta":{"footnotes":""},"categories":[2],"tags":[],"class_list":{"0":"entry","1":"post","2":"publish","3":"author-ulmontreuil","4":"post-672","6":"format-standard","7":"category-je-tu-ul"},"_links":{"self":[{"href":"https:\/\/www.lacgtmontreuil.fr\/index.php?rest_route=\/wp\/v2\/posts\/672","targetHints":{"allow":["GET"]}}],"collection":[{"href":"https:\/\/www.lacgtmontreuil.fr\/index.php?rest_route=\/wp\/v2\/posts"}],"about":[{"href":"https:\/\/www.lacgtmontreuil.fr\/index.php?rest_route=\/wp\/v2\/types\/post"}],"author":[{"embeddable":true,"href":"https:\/\/www.lacgtmontreuil.fr\/index.php?rest_route=\/wp\/v2\/users\/1"}],"replies":[{"embeddable":true,"href":"https:\/\/www.lacgtmontreuil.fr\/index.php?rest_route=%2Fwp%2Fv2%2Fcomments&post=672"}],"version-history":[{"count":1,"href":"https:\/\/www.lacgtmontreuil.fr\/index.php?rest_route=\/wp\/v2\/posts\/672\/revisions"}],"predecessor-version":[{"id":674,"href":"https:\/\/www.lacgtmontreuil.fr\/index.php?rest_route=\/wp\/v2\/posts\/672\/revisions\/674"}],"wp:attachment":[{"href":"https:\/\/www.lacgtmontreuil.fr\/index.php?rest_route=%2Fwp%2Fv2%2Fmedia&parent=672"}],"wp:term":[{"taxonomy":"category","embeddable":true,"href":"https:\/\/www.lacgtmontreuil.fr\/index.php?rest_route=%2Fwp%2Fv2%2Fcategories&post=672"},{"taxonomy":"post_tag","embeddable":true,"href":"https:\/\/www.lacgtmontreuil.fr\/index.php?rest_route=%2Fwp%2Fv2%2Ftags&post=672"}],"curies":[{"name":"wp","href":"https:\/\/api.w.org\/{rel}","templated":true}]}}