{"id":669,"date":"2018-02-13T16:17:28","date_gmt":"2018-02-13T15:17:28","guid":{"rendered":"http:\/\/www.lacgtmontreuil.fr\/?p=669"},"modified":"2018-02-13T16:17:28","modified_gmt":"2018-02-13T15:17:28","slug":"je-tu-ul-mi-mars-2012-n-90","status":"publish","type":"post","link":"https:\/\/www.lacgtmontreuil.fr\/?p=669","title":{"rendered":"Je, Tu, UL\u2026  Mi Mars 2012  N\u00b0 90"},"content":{"rendered":"<p><strong> Les br\u00e8ves de l\u2019UL CGT de Montreuil, 24, rue de Paris<\/strong><\/p>\n<p><img loading=\"lazy\" decoding=\"async\" width=\"109\" height=\"155\" class=\"wp-image-670\" src=\"https:\/\/www.lacgtmontreuil.fr\/wp-content\/uploads\/2018\/02\/logo_cgt-48.jpeg\" alt=\"logo_cgt\" \/>\u00a0\u00a0 <strong>Je, Tu, UL\u2026\u00a0 Mi Mars 2012\u00a0 N\u00b0 90<\/strong><\/p>\n<p><em>\u00ab\u00a0D\u00e9bat sur la viande hallal\u00a0: Plumons les b\u00eates en cour\u00a0!\u00a0\u00bb<\/em><\/p>\n<p><strong>LES BONS COMPTES FONT LES MAUVAIS SALAIRES :<\/strong> 59, rue de La R\u00e9publique \u2013 Le Groupe BNP PARIBAS peut afficher 6 milliards de profit, aucun syndicat n\u2019acceptera de signer des NAO 2012 avec une augmentation au 1<sup>er<\/sup> mars de 160 \u00e0 450 euros\u2026 soit +0.5% La CGT rel\u00e8ve en outre que 30 salari\u00e9s de la banque n\u2019ont pas \u00e9t\u00e9 augment\u00e9s depuis 5 \u00e0 9 ans et exige la r\u00e9union de la commission paritaire pour \u00e9tudier leur cas.<\/p>\n<p><strong>RUE DE LA PRIME\u00a0:<\/strong> rue de Paris \u2013- Les salari\u00e9s des 32 \u00e9tablissements situ\u00e9s rue de Paris \u00e0 Montreuil relevant de la Convention Collective des H\u00f4tels-Caf\u00e9s-Restaurants (entre \u00ab\u00a0La cave est restaurant\u00a0\u00bb et l\u2019h\u00f4tel IBIS) vont b\u00e9n\u00e9ficier du maintien de la \u00ab\u00a0prime TVA\u00a0\u00bb instaur\u00e9e en 2009 suite \u00e0 la baisse de la TVA dans ces professions. La remont\u00e9e des taux avait conduit le patronat \u00e0 tenter de l\u2019amputer\u00a0: la rapide mobilisation des personnels a permis sa s\u00e9curisation par un accord entr\u00e9 en vigueur le 1<sup>er<\/sup> mars.<\/p>\n<p><strong>CADDIE PLEIN \u00c1 SUPER-U\u00a0: <\/strong>170, rue de la Nouvelle France \u2013 Au SUPER-U, les nouveaux \u00e9lecteurs ont vot\u00e9 \u00e0 100% pour les listes CGT le 6 mars, avec une petite pr\u00e9f\u00e9rence pour les candidates qui recueillent en moyenne 2 voix de plus que les hommes. Depuis son ouverture il y a 5 ans, le magasin avait multipli\u00e9 les man\u0153uvres pour emp\u00eacher la tenue d\u2019\u00e9lections professionnelles\u00a0: r\u00e9sultats des courses, il doit d\u00e9sormais composer avec une section CGT, des DP, un CE\u2026 et bient\u00f4t un CHS-CT\u00a0!<\/p>\n<p><strong>LA CGT CHEZ LES PANDAS\u00a0:<\/strong> 31, rue Jean-Jacques Rousseau \u2013 PANDA SAS n\u2019est pas le copain montreuillois de Huan Huan et Yuan Zi, mais une entreprise montreuilloise d\u2019aide \u00e0 domicile, dont les 30 salari\u00e9-e-s \u00e9liront le 13 mars prochain leurs premiers d\u00e9l\u00e9gu\u00e9s du personnel. La liste CGT est d\u2019ores et d\u00e9j\u00e0 constitu\u00e9e, avec Mounia, Slavica et Luigi, qui animeront \u00e0 3 la toute nouvelle section syndicale. La CGT, une esp\u00e8ce bien prot\u00e9g\u00e9e qui n\u2019est pas pr\u00eate de dispara\u00eetre\u00a0!<\/p>\n<p><strong>DI\u00c8TE SUR ORDONNANCE\u00a0:<\/strong> 155, rue de Rosny \u2013 Le patron d\u2019ACTOM, entreprise qui fabrique des ordonnanciers, vient de couper court \u00e0 la n\u00e9gociation annuelle sur les salaires. Non content de revenir sur sa promesse de versement d\u2019une prime exceptionnelle en mars, il annonce la suppression des tickets-restaurants attribu\u00e9s depuis janvier au personnel. Pour la CGT, la faim risque de justifier les moyens si la paie de mars ne correspond pas aux attentes\u2026<\/p>\n<p><strong>PIM, PAM, PUM\u00a0!<\/strong> 82, rue des Ruffins \u2013 PUM PLASTIQUES SEVEGRAND, filiale montreuilloise de Saint-Gobain, avait licenci\u00e9 Chantal LECOQ pour une \u00ab\u00a0insuffisance professionnelle\u00a0\u00bb d\u00e9couverte apr\u00e8s\u2026 19 ans de bons et loyaux services\u00a0! D\u00e9fendue par la CGT, elle obtient 18\u00a0604\u20ac pour licenciement sans cause r\u00e9elle et s\u00e9rieuse et 1400\u20ac de compl\u00e9ment d\u2019indemnit\u00e9 de licenciement devant le Conseil de Prud\u2019hommes.<\/p>\n","protected":false},"excerpt":{"rendered":"<p>Les br\u00e8ves de l\u2019UL CGT de Montreuil, 24, rue de Paris \u00a0\u00a0 Je, Tu, UL\u2026\u00a0 Mi Mars 2012\u00a0 N\u00b0 90 \u00ab\u00a0D\u00e9bat sur la viande hallal\u00a0: Plumons les b\u00eates en cour\u00a0!\u00a0\u00bb LES BONS COMPTES FONT LES MAUVAIS SALAIRES : 59, rue de La R\u00e9publique \u2013 Le Groupe BNP PARIBAS peut afficher 6 milliards de profit, aucun &hellip; <\/p>\n","protected":false},"author":1,"featured_media":0,"comment_status":"closed","ping_status":"open","sticky":false,"template":"","format":"standard","meta":{"footnotes":""},"categories":[2],"tags":[],"class_list":{"0":"entry","1":"post","2":"publish","3":"author-ulmontreuil","4":"post-669","6":"format-standard","7":"category-je-tu-ul"},"_links":{"self":[{"href":"https:\/\/www.lacgtmontreuil.fr\/index.php?rest_route=\/wp\/v2\/posts\/669","targetHints":{"allow":["GET"]}}],"collection":[{"href":"https:\/\/www.lacgtmontreuil.fr\/index.php?rest_route=\/wp\/v2\/posts"}],"about":[{"href":"https:\/\/www.lacgtmontreuil.fr\/index.php?rest_route=\/wp\/v2\/types\/post"}],"author":[{"embeddable":true,"href":"https:\/\/www.lacgtmontreuil.fr\/index.php?rest_route=\/wp\/v2\/users\/1"}],"replies":[{"embeddable":true,"href":"https:\/\/www.lacgtmontreuil.fr\/index.php?rest_route=%2Fwp%2Fv2%2Fcomments&post=669"}],"version-history":[{"count":1,"href":"https:\/\/www.lacgtmontreuil.fr\/index.php?rest_route=\/wp\/v2\/posts\/669\/revisions"}],"predecessor-version":[{"id":671,"href":"https:\/\/www.lacgtmontreuil.fr\/index.php?rest_route=\/wp\/v2\/posts\/669\/revisions\/671"}],"wp:attachment":[{"href":"https:\/\/www.lacgtmontreuil.fr\/index.php?rest_route=%2Fwp%2Fv2%2Fmedia&parent=669"}],"wp:term":[{"taxonomy":"category","embeddable":true,"href":"https:\/\/www.lacgtmontreuil.fr\/index.php?rest_route=%2Fwp%2Fv2%2Fcategories&post=669"},{"taxonomy":"post_tag","embeddable":true,"href":"https:\/\/www.lacgtmontreuil.fr\/index.php?rest_route=%2Fwp%2Fv2%2Ftags&post=669"}],"curies":[{"name":"wp","href":"https:\/\/api.w.org\/{rel}","templated":true}]}}