{"id":666,"date":"2018-02-13T16:15:32","date_gmt":"2018-02-13T15:15:32","guid":{"rendered":"http:\/\/www.lacgtmontreuil.fr\/?p=666"},"modified":"2018-02-13T16:15:32","modified_gmt":"2018-02-13T15:15:32","slug":"je-tu-ul-debut-mars-2012-n-89","status":"publish","type":"post","link":"https:\/\/www.lacgtmontreuil.fr\/?p=666","title":{"rendered":"Je, Tu, UL\u2026  D\u00e9but Mars 2012  N\u00b0 89"},"content":{"rendered":"<p><strong> Les br\u00e8ves de l\u2019UL CGT de Montreuil, 24, rue de Paris<\/strong><\/p>\n<p><img loading=\"lazy\" decoding=\"async\" width=\"109\" height=\"155\" class=\"wp-image-667\" src=\"https:\/\/www.lacgtmontreuil.fr\/wp-content\/uploads\/2018\/02\/logo_cgt-47.jpeg\" alt=\"logo_cgt\" \/>\u00a0\u00a0 <strong>Je, Tu, UL\u2026\u00a0 D\u00e9but Mars 2012\u00a0 N\u00b0 89<\/strong><\/p>\n<p><em>\u00ab\u00a0Slogan 2012\u00a0: Travail, famine, p\u00e2tes-riz\u00a0?\u00a0\u00bb<\/em><\/p>\n<p><strong>CHAUD LE SYNDICAT\u00a0! :<\/strong> 19, avenue de La R\u00e9sistance \u2013 A MONOPRIX, il aura suffit d\u2019un tract de la CGT\u2026 pour que le chauffage et l\u2019eau chaude soient r\u00e9tablis en magasin. Succ\u00e8s personnel aussi de notre camarade Esther WINSTON qui avait d\u00e9nonc\u00e9 le racisme de l\u2019encadrement et obtient l\u2019\u00e9loignement de celle qui s\u2019\u00e9tait le plus illustr\u00e9e en la mati\u00e8re.<\/p>\n<p><strong>L\u2019H\u00d4PITAL QUI SE FOUT DE LA CHARIT\u00c9\u00a0?:<\/strong> 56, boulevard de la Boissi\u00e8re \u2013 Au CHI Andr\u00e9 Gr\u00e9goire, la CGT s\u2019\u00e9tonne qu\u2019au moment m\u00eame o\u00f9 l\u2019Agence R\u00e9gionale de la Sant\u00e9 impose une cure drastique d\u2019aust\u00e9rit\u00e9 aux personnels hospitaliers et pr\u00f4ne la \u00ab\u00a0transparence financi\u00e8re\u00a0\u00bb, on d\u00e9couvre l\u2019existence d\u2019appartements de fonction dans Paris, avec charges pay\u00e9s sur le budget du CHI, r\u00e9serv\u00e9s \u00e0 certains directeurs. Touchant exemple d\u2019hospitalit\u00e9\u2026 tr\u00e8s s\u00e9lective. Quant au projet de privatisation de l\u2019imagerie m\u00e9dicale\u2026 c\u2019est s\u00fbrement aussi pour gagner en transparence\u00a0!<\/p>\n<p><strong>UNE CGT SUPER-UNIE\u00a0: <\/strong>170, rue de la Nouvelle France \u2013 La D\u00e9l\u00e9gation Unique du Personnel va se mettre enfin en place chez SUPER U. Le 20 f\u00e9vrier, \u00e0 l\u2019occasion de l\u2019assembl\u00e9e syndicale, 3 nouvelles adh\u00e9sions ont \u00e9t\u00e9 enregistr\u00e9es par une section CGT plus unitaire que jamais puisqu\u2019elle f\u00e9d\u00e8re d\u00e9sormais le quart du personnel. Pas besoin d\u2019institut de sondage donc pour pr\u00e9voir le score de nos 6 candidat-e-s aux \u00e9lections du 6 mars prochain. L\u2019appel \u00e0 voter Khaled, Babette, Benjamin, Stella, Daniel et Nadine fait d\u00e9j\u00e0 l\u2019unit\u00e9.<\/p>\n<p><strong>LA R\u00c9GIE EN SURR\u00c9GIME\u00a0:<\/strong> 3, all\u00e9e Montaigne \u2013 La R\u00c9GIE DE QUARTIER avait sollicit\u00e9 aupr\u00e8s de l\u2019Inspection du Travail, l\u2019autorisation de licencier Fabienne LEMARREC, d\u00e9l\u00e9gu\u00e9e CGT de l\u2019association, pour \u00ab\u00a0insuffisance professionnelle\u00a0\u00bb. C\u2019est bien s\u00fbr l\u2019inverse que l\u2019enqu\u00eate a r\u00e9v\u00e9l\u00e9\u00a0: un trop plein de t\u00e2ches et des reproches injustifi\u00e9s. Autorisation refus\u00e9e\u00a0!<\/p>\n<p><strong>PATRON QUI FAIT PAS DE POLITIQUE\u00a0:<\/strong> 70, rue Douy-Delcupe \u2013 A la FONDATION 93, association subventionn\u00e9e par le Conseil G\u00e9n\u00e9ral, les consignes adress\u00e9es \u00e0 notre camarade Nacira LIMAMA, d\u00e9l\u00e9gu\u00e9e CGT, virent au brun. T\u00e9moin, ce courriel de la Direction \u00ab\u00a0<em>Je te rappelle par ailleurs que Marine Le Pen va devenir pr\u00e9sidente et qu\u2019il faut faire parvenir tous les mois ton attestation de pr\u00e9sence\u00a0\u00bb.<\/em><\/p>\n","protected":false},"excerpt":{"rendered":"<p>Les br\u00e8ves de l\u2019UL CGT de Montreuil, 24, rue de Paris \u00a0\u00a0 Je, Tu, UL\u2026\u00a0 D\u00e9but Mars 2012\u00a0 N\u00b0 89 \u00ab\u00a0Slogan 2012\u00a0: Travail, famine, p\u00e2tes-riz\u00a0?\u00a0\u00bb CHAUD LE SYNDICAT\u00a0! : 19, avenue de La R\u00e9sistance \u2013 A MONOPRIX, il aura suffit d\u2019un tract de la CGT\u2026 pour que le chauffage et l\u2019eau chaude soient r\u00e9tablis en &hellip; <\/p>\n","protected":false},"author":1,"featured_media":0,"comment_status":"closed","ping_status":"open","sticky":false,"template":"","format":"standard","meta":{"footnotes":""},"categories":[2],"tags":[],"class_list":{"0":"entry","1":"post","2":"publish","3":"author-ulmontreuil","4":"post-666","6":"format-standard","7":"category-je-tu-ul"},"_links":{"self":[{"href":"https:\/\/www.lacgtmontreuil.fr\/index.php?rest_route=\/wp\/v2\/posts\/666","targetHints":{"allow":["GET"]}}],"collection":[{"href":"https:\/\/www.lacgtmontreuil.fr\/index.php?rest_route=\/wp\/v2\/posts"}],"about":[{"href":"https:\/\/www.lacgtmontreuil.fr\/index.php?rest_route=\/wp\/v2\/types\/post"}],"author":[{"embeddable":true,"href":"https:\/\/www.lacgtmontreuil.fr\/index.php?rest_route=\/wp\/v2\/users\/1"}],"replies":[{"embeddable":true,"href":"https:\/\/www.lacgtmontreuil.fr\/index.php?rest_route=%2Fwp%2Fv2%2Fcomments&post=666"}],"version-history":[{"count":1,"href":"https:\/\/www.lacgtmontreuil.fr\/index.php?rest_route=\/wp\/v2\/posts\/666\/revisions"}],"predecessor-version":[{"id":668,"href":"https:\/\/www.lacgtmontreuil.fr\/index.php?rest_route=\/wp\/v2\/posts\/666\/revisions\/668"}],"wp:attachment":[{"href":"https:\/\/www.lacgtmontreuil.fr\/index.php?rest_route=%2Fwp%2Fv2%2Fmedia&parent=666"}],"wp:term":[{"taxonomy":"category","embeddable":true,"href":"https:\/\/www.lacgtmontreuil.fr\/index.php?rest_route=%2Fwp%2Fv2%2Fcategories&post=666"},{"taxonomy":"post_tag","embeddable":true,"href":"https:\/\/www.lacgtmontreuil.fr\/index.php?rest_route=%2Fwp%2Fv2%2Ftags&post=666"}],"curies":[{"name":"wp","href":"https:\/\/api.w.org\/{rel}","templated":true}]}}