{"id":660,"date":"2018-02-13T16:11:16","date_gmt":"2018-02-13T15:11:16","guid":{"rendered":"http:\/\/www.lacgtmontreuil.fr\/?p=660"},"modified":"2018-02-13T16:11:16","modified_gmt":"2018-02-13T15:11:16","slug":"je-tu-ul-debut-fevrier-2012-n-87","status":"publish","type":"post","link":"https:\/\/www.lacgtmontreuil.fr\/?p=660","title":{"rendered":"Je, Tu, UL\u2026  D\u00e9but F\u00e9vrier 2012  N\u00b0 87"},"content":{"rendered":"<p><strong> Les br\u00e8ves de l\u2019UL CGT de Montreuil, 24, rue de Paris<\/strong><\/p>\n<p><img loading=\"lazy\" decoding=\"async\" width=\"109\" height=\"155\" class=\"wp-image-661\" src=\"https:\/\/www.lacgtmontreuil.fr\/wp-content\/uploads\/2018\/02\/logo_cgt-45.jpeg\" alt=\"logo_cgt\" \/>\u00a0\u00a0 <strong>Je, Tu, UL\u2026\u00a0 D\u00e9but F\u00e9vrier 2012\u00a0 N\u00b0 87<\/strong><\/p>\n<p><em>\u00ab\u00a0Les promesses, c\u2019est bien\u00a0; les revendications c\u2019est mieux\u00a0!\u00a0\u00bb<\/em><\/p>\n<p><strong>LA COMMUNE DE MONTREUIL\u00a0! :<\/strong> Place Jean Jaur\u00e8s \u2013 Vendredi 3 f\u00e9vrier, ce sont un bon millier de personnels communaux en col\u00e8re qui ont manifest\u00e9 en centre-ville pour la d\u00e9fense du Comit\u00e9 des \u0152uvres Sociales, badg\u00e9s \u00ab\u00a0Touche pas \u00e0 mon COS\u00a0!\u00a0\u00bb et aux cris de \u00ab\u00a02%\u00a0\u00bb, soit le montant de la subvention r\u00e9clam\u00e9e par la CGT sur la base de la masse salariale.<\/p>\n<p>Face \u00e0 l\u2019ampleur de cette mobilisation, la Municipalit\u00e9 a d\u00fb accepter l\u2019ouverture de n\u00e9gociations sur le budget du COS et admettre que son projet de le r\u00e9duire de moiti\u00e9 n\u2019\u00e9tait pas\u2026 tr\u00e8s social.<\/p>\n<p><strong>LA PARENTALIT\u00c9 AU FORFAIT\u00a0?:<\/strong> 59, rue de la R\u00e9publique \u2013 Alors que la BNP PARIBAS communique sur sa \u00ab\u00a0pr\u00e9occupation\u00a0\u00bb pour la parentalit\u00e9, le syndicat UGICT-CGT lance une campagne de d\u00e9nonciation des amplitudes, astreintes et absence de r\u00e9f\u00e9rence horaire impos\u00e9es aux cadres \u00ab\u00a0au forfait\u00a0\u00bb. Pour faire appliquer la loi dans l\u2019entreprise, le syndicat met \u00e0 disposition des salari\u00e9s de la banque ce qu\u2019elle appelle un \u00ab\u00a0simulat\u2019heures\u00a0\u00bb pour calculer les pertes de salaires et de repos. Accessible sur\u00a0: <a href=\"http:\/\/www.forfaitsjours.fr\">www.forfaitsjours.fr<\/a><\/p>\n<p><strong>PAS SI FACILE\u00a0:<\/strong> 34, boulevard Rouget de Lisle \u2013 La soci\u00e9t\u00e9 FACILE &amp; ACCESSIBLE oubliait trop facilement de r\u00e9mun\u00e9rer ses assistantes de vie\u00a0; pas de visite m\u00e9dicales non plus pour ces salari\u00e9es pourtant quotidiennement confront\u00e9es \u00e0 la maladie comme \u00e0 la fragilit\u00e9 de clients \u00e2g\u00e9s. Le Conseil de Prud\u2019hommes vient de r\u00e9tablir 3 d\u2019entre elles dans leurs droits\u00a0: quelques milliers d\u2019euros d\u2019indemnit\u00e9s qui n\u2019auront pas \u00e9t\u00e9 vol\u00e9s\u00a0!<\/p>\n<p><strong>LES SUREAUX ASSURENT\u00a0:<\/strong> 14-16, rue du Midi \u2013 Le COS Les Sureaux votait le 31 janvier pour \u00e9lire ses repr\u00e9sentants du personnel, \u00e0 la veille de restructurations lourdes annonc\u00e9es au sein de cette association. R\u00e9sultat sans bavure puisque nos camarades Isabelle LALART et Mohamed OUALIF ont \u00e9t\u00e9 \u00e9lus par 17 voix sur 21, d\u00e8s le 1er tour, alors que la section CGT de l\u2019\u00e9tablissement n\u2019a que 2 mois d\u2019existence. Mais du pain sur la planche\u00a0!<\/p>\n<p><strong>ATTENTION, R\u00c9GIE ENRAG\u00c9E\u00a0:<\/strong> 3, all\u00e9e Montaigne \u2013 La R\u00e9gie de Quartier de Montreuil favorise l\u2019insertion des \u00e9lus du personnel\u2026 \u00e0 P\u00f4le-Emploi. C\u2019est ainsi que sur les 4 \u00e9lu-e-s CGT de 2009, on compte \u00e0 ce jour une fin de contrat, une d\u00e9mission, et une demande d\u2019autorisation de licenciement. Cette derni\u00e8re proc\u00e9dure, engag\u00e9e contre Fabienne LE MARREC, n\u2019est jamais que la r\u00e9cidive d\u2019une pr\u00e9c\u00e9dente tentative de licenciement, mise en \u00e9chec par la mobilisation. Cette fois on lui reproche d\u2019\u00eatre \u00ab\u00a0peu professionnelle et d\u00e9sinvolte\u00a0\u00bb, accusations sur lesquelles l\u2019Inspection du Travail devra statuer.<\/p>\n","protected":false},"excerpt":{"rendered":"<p>Les br\u00e8ves de l\u2019UL CGT de Montreuil, 24, rue de Paris \u00a0\u00a0 Je, Tu, UL\u2026\u00a0 D\u00e9but F\u00e9vrier 2012\u00a0 N\u00b0 87 \u00ab\u00a0Les promesses, c\u2019est bien\u00a0; les revendications c\u2019est mieux\u00a0!\u00a0\u00bb LA COMMUNE DE MONTREUIL\u00a0! : Place Jean Jaur\u00e8s \u2013 Vendredi 3 f\u00e9vrier, ce sont un bon millier de personnels communaux en col\u00e8re qui ont manifest\u00e9 en centre-ville &hellip; <\/p>\n","protected":false},"author":1,"featured_media":0,"comment_status":"closed","ping_status":"open","sticky":false,"template":"","format":"standard","meta":{"footnotes":""},"categories":[2],"tags":[],"class_list":{"0":"entry","1":"post","2":"publish","3":"author-ulmontreuil","4":"post-660","6":"format-standard","7":"category-je-tu-ul"},"_links":{"self":[{"href":"https:\/\/www.lacgtmontreuil.fr\/index.php?rest_route=\/wp\/v2\/posts\/660","targetHints":{"allow":["GET"]}}],"collection":[{"href":"https:\/\/www.lacgtmontreuil.fr\/index.php?rest_route=\/wp\/v2\/posts"}],"about":[{"href":"https:\/\/www.lacgtmontreuil.fr\/index.php?rest_route=\/wp\/v2\/types\/post"}],"author":[{"embeddable":true,"href":"https:\/\/www.lacgtmontreuil.fr\/index.php?rest_route=\/wp\/v2\/users\/1"}],"replies":[{"embeddable":true,"href":"https:\/\/www.lacgtmontreuil.fr\/index.php?rest_route=%2Fwp%2Fv2%2Fcomments&post=660"}],"version-history":[{"count":1,"href":"https:\/\/www.lacgtmontreuil.fr\/index.php?rest_route=\/wp\/v2\/posts\/660\/revisions"}],"predecessor-version":[{"id":662,"href":"https:\/\/www.lacgtmontreuil.fr\/index.php?rest_route=\/wp\/v2\/posts\/660\/revisions\/662"}],"wp:attachment":[{"href":"https:\/\/www.lacgtmontreuil.fr\/index.php?rest_route=%2Fwp%2Fv2%2Fmedia&parent=660"}],"wp:term":[{"taxonomy":"category","embeddable":true,"href":"https:\/\/www.lacgtmontreuil.fr\/index.php?rest_route=%2Fwp%2Fv2%2Fcategories&post=660"},{"taxonomy":"post_tag","embeddable":true,"href":"https:\/\/www.lacgtmontreuil.fr\/index.php?rest_route=%2Fwp%2Fv2%2Ftags&post=660"}],"curies":[{"name":"wp","href":"https:\/\/api.w.org\/{rel}","templated":true}]}}