{"id":6572,"date":"2023-07-12T12:12:42","date_gmt":"2023-07-12T10:12:42","guid":{"rendered":"https:\/\/www.lacgtmontreuil.fr\/?p=6572"},"modified":"2023-07-25T15:29:37","modified_gmt":"2023-07-25T13:29:37","slug":"je-tu-ul-n444-assassinat-de-nahel","status":"publish","type":"post","link":"https:\/\/www.lacgtmontreuil.fr\/?p=6572","title":{"rendered":"Je, Tu, UL n\u00b0444 &#8211; ASSASSINAT DE NAHEL"},"content":{"rendered":"\n<p><em>\u00ab Apaisement ? Pas de justice, pas de paix ! \u00bb<\/em><\/p>\n\n\n\n<p>Place Jean Jaur\u00e8s\u00a0\u2013\u00a0Vendredi 30 juin \u00e0 20h, ce sont 200 Montreuillois indign\u00e9s qui se sont rassembl\u00e9s pacifiquement devant la Mairie, en d\u00e9pit de l\u2019interdiction pr\u00e9fectorale&#8230;d\u00e9cid\u00e9e au dernier moment. De nombreux syndicalistes dont les militants de l\u2019UL- CGT \u00e9taient pr\u00e9sents pour condamner l\u2019impunit\u00e9 des crimes et violences de la police et exiger le retour au calme pour que justice soit faite. Contrairement \u00e0 ce que sans doute le Pr\u00e9fet attendait, son interdiction de se rassembler n\u2019aura occasionn\u00e9 aucun d\u00e9sordre.<\/p>\n","protected":false},"excerpt":{"rendered":"<p>\u00ab Apaisement ? Pas de justice, pas de paix ! \u00bb Place Jean Jaur\u00e8s\u00a0\u2013\u00a0Vendredi 30 juin \u00e0 20h, ce sont 200 Montreuillois indign\u00e9s qui se sont rassembl\u00e9s pacifiquement devant la Mairie, en d\u00e9pit de l\u2019interdiction pr\u00e9fectorale&#8230;d\u00e9cid\u00e9e au dernier moment. De nombreux syndicalistes dont les militants de l\u2019UL- CGT \u00e9taient pr\u00e9sents pour condamner l\u2019impunit\u00e9 des crimes &hellip; <\/p>\n","protected":false},"author":19,"featured_media":0,"comment_status":"closed","ping_status":"open","sticky":false,"template":"","format":"standard","meta":{"footnotes":""},"categories":[2],"tags":[],"class_list":{"0":"entry","1":"post","2":"publish","3":"author-sebastien","4":"post-6572","6":"format-standard","7":"category-je-tu-ul"},"_links":{"self":[{"href":"https:\/\/www.lacgtmontreuil.fr\/index.php?rest_route=\/wp\/v2\/posts\/6572","targetHints":{"allow":["GET"]}}],"collection":[{"href":"https:\/\/www.lacgtmontreuil.fr\/index.php?rest_route=\/wp\/v2\/posts"}],"about":[{"href":"https:\/\/www.lacgtmontreuil.fr\/index.php?rest_route=\/wp\/v2\/types\/post"}],"author":[{"embeddable":true,"href":"https:\/\/www.lacgtmontreuil.fr\/index.php?rest_route=\/wp\/v2\/users\/19"}],"replies":[{"embeddable":true,"href":"https:\/\/www.lacgtmontreuil.fr\/index.php?rest_route=%2Fwp%2Fv2%2Fcomments&post=6572"}],"version-history":[{"count":1,"href":"https:\/\/www.lacgtmontreuil.fr\/index.php?rest_route=\/wp\/v2\/posts\/6572\/revisions"}],"predecessor-version":[{"id":6575,"href":"https:\/\/www.lacgtmontreuil.fr\/index.php?rest_route=\/wp\/v2\/posts\/6572\/revisions\/6575"}],"wp:attachment":[{"href":"https:\/\/www.lacgtmontreuil.fr\/index.php?rest_route=%2Fwp%2Fv2%2Fmedia&parent=6572"}],"wp:term":[{"taxonomy":"category","embeddable":true,"href":"https:\/\/www.lacgtmontreuil.fr\/index.php?rest_route=%2Fwp%2Fv2%2Fcategories&post=6572"},{"taxonomy":"post_tag","embeddable":true,"href":"https:\/\/www.lacgtmontreuil.fr\/index.php?rest_route=%2Fwp%2Fv2%2Ftags&post=6572"}],"curies":[{"name":"wp","href":"https:\/\/api.w.org\/{rel}","templated":true}]}}