{"id":657,"date":"2018-02-13T16:09:36","date_gmt":"2018-02-13T15:09:36","guid":{"rendered":"http:\/\/www.lacgtmontreuil.fr\/?p=657"},"modified":"2018-02-13T16:09:36","modified_gmt":"2018-02-13T15:09:36","slug":"je-tu-ul-fin-janvier-2012-n-86","status":"publish","type":"post","link":"https:\/\/www.lacgtmontreuil.fr\/?p=657","title":{"rendered":"Je, Tu, UL\u2026  Fin Janvier 2012  N\u00b0 86"},"content":{"rendered":"<p><strong> Les br\u00e8ves de l\u2019UL CGT de Montreuil, 24, rue de Paris<\/strong><\/p>\n<p><img loading=\"lazy\" decoding=\"async\" width=\"109\" height=\"155\" class=\"wp-image-658\" src=\"https:\/\/www.lacgtmontreuil.fr\/wp-content\/uploads\/2018\/02\/logo_cgt-44.jpeg\" alt=\"logo_cgt\" \/>\u00a0\u00a0 <strong>Je, Tu, UL\u2026\u00a0 Fin Janvier 2012\u00a0 N\u00b0 86<\/strong><\/p>\n<p><em>\u00ab\u00a0D\u00e9financiarisons les entreprises\u00a0!\u00a0\u00bb<\/em><\/p>\n<p><strong>CACHE-CACHE \u00c1 L\u2019URSSAF:<\/strong> 22, rue de Lagny \u2013 Le Conseil d\u2019Administration de l\u2019URSSAF ayant \u00e9t\u00e9 exfiltr\u00e9 \u2026 au Cercle National des Arm\u00e9es, c\u2019est rue de Lagny que les 500 gr\u00e9vistes ont exig\u00e9 d\u2019\u00eatre re\u00e7us par la Direction. Avant cela, il aura fallu au personnel manifester jusqu\u2019\u00e0 la rue L\u00e9on Gaumont, s\u2019introduire \u00e0 l\u2019UCANSS (organisme employeur de la S\u00e9curit\u00e9 Sociale), puis revenir au si\u00e8ge, jouer \u00e0 cache-cache avec le Directeur.<\/p>\n<p><strong>NOVALIS SE RENOUVELLE :<\/strong> 93, rue Marceau \u2013 Le groupe de retraite et pr\u00e9voyance NOVALIS-TAITBOUT votait le 17 janvier pour \u00e9lire ses institutions repr\u00e9sentatives. Avec 626 voix, la CGT r\u00e9alise une perc\u00e9e avec 39% des suffrages, derri\u00e8re la CFDT mais devant FO et la CFE\/CGC. Notre camarade Cyril RIBEYRE est \u00e9lu d\u00e9l\u00e9gu\u00e9 du personnel dans le coll\u00e8ge Agents de Ma\u00eetrise et Cadres \u00e0 Montreuil. Le syndicat CGT, fort de sa repr\u00e9sentativit\u00e9 sup\u00e9rieure au tiers, entend se faire entendre dans les n\u00e9gociations de fusion avec HUMANIS.<\/p>\n<p><strong>RECHUTE CHEZ ACTOM\u00a0:<\/strong> 155-157, rue de Rosny \u2013 L\u2019histoire b\u00e9gaye chez ACTOM FRANCE, l\u2019imprimeur d\u2019ordonnancier qui refuse toujours d\u2019appliquer la convention collective des imprimeries. Il y a un an, l\u2019Inspection du Travail refusait le licenciement de R\u00e9douane NEBZRY, d\u00e9l\u00e9gu\u00e9 syndical CGT. Le 20 janvier 2012, R\u00e9douane \u00e9tait \u00e0 nouveau convoqu\u00e9, dans le cadre d\u2019une proc\u00e9dure de licenciement\u2026 \u00ab\u00a0nouvelle\u00a0\u00bb.<\/p>\n<p><strong>GLOBAL SANCTION\u00a0:<\/strong> 6 bis, rue de la Demi-Lune \u2013 GLOBAL DISTRIBUTION concevait des sites internet en employant des jeunes bacheliers en contrats de professionnalisation, taillables et corv\u00e9ables \u00e0 merci. Situation d\u2019abus que notre camarade Aziz KAMAZ vient de faire sanctionner devant le Conseil de Prud\u2019hommes, avec un rappel de salaire de 5125,51 euros. Comme quoi, les r\u00e9seaux sociaux ne sont pas toujours l\u00e0 o\u00f9 on les croit\u2026<\/p>\n<p><strong>COS \u00c1 D\u00c9FENDRE\u00a0:<\/strong> 1, boulevard Henri Barbusse \u2013 Le syndicat CGT des Territoriaux de Montreuil avait fait liti\u00e8re des accusations port\u00e9es contre la gestion d\u00e9mocratique du Comit\u00e9 des \u0152uvres Sociales, subodorant que les calomnies pr\u00e9figuraient des coupes sombres dans la subvention municipale. Bien vu\u00a0! La Municipalit\u00e9 entend imposer une baisse de plus de 50% de ce budget, soit 700\u00a0000 euros dont se trouveraient priv\u00e9s les 6000 ayants droits du COS, ouvriers, employ\u00e9s et retrait\u00e9s de la Mairie. Une AG du personnel est convoqu\u00e9e pour le 31 et la riposte s\u2019organise.<\/p>\n","protected":false},"excerpt":{"rendered":"<p>Les br\u00e8ves de l\u2019UL CGT de Montreuil, 24, rue de Paris \u00a0\u00a0 Je, Tu, UL\u2026\u00a0 Fin Janvier 2012\u00a0 N\u00b0 86 \u00ab\u00a0D\u00e9financiarisons les entreprises\u00a0!\u00a0\u00bb CACHE-CACHE \u00c1 L\u2019URSSAF: 22, rue de Lagny \u2013 Le Conseil d\u2019Administration de l\u2019URSSAF ayant \u00e9t\u00e9 exfiltr\u00e9 \u2026 au Cercle National des Arm\u00e9es, c\u2019est rue de Lagny que les 500 gr\u00e9vistes ont exig\u00e9 &hellip; <\/p>\n","protected":false},"author":1,"featured_media":0,"comment_status":"closed","ping_status":"open","sticky":false,"template":"","format":"standard","meta":{"footnotes":""},"categories":[2],"tags":[],"class_list":{"0":"entry","1":"post","2":"publish","3":"author-ulmontreuil","4":"post-657","6":"format-standard","7":"category-je-tu-ul"},"_links":{"self":[{"href":"https:\/\/www.lacgtmontreuil.fr\/index.php?rest_route=\/wp\/v2\/posts\/657","targetHints":{"allow":["GET"]}}],"collection":[{"href":"https:\/\/www.lacgtmontreuil.fr\/index.php?rest_route=\/wp\/v2\/posts"}],"about":[{"href":"https:\/\/www.lacgtmontreuil.fr\/index.php?rest_route=\/wp\/v2\/types\/post"}],"author":[{"embeddable":true,"href":"https:\/\/www.lacgtmontreuil.fr\/index.php?rest_route=\/wp\/v2\/users\/1"}],"replies":[{"embeddable":true,"href":"https:\/\/www.lacgtmontreuil.fr\/index.php?rest_route=%2Fwp%2Fv2%2Fcomments&post=657"}],"version-history":[{"count":1,"href":"https:\/\/www.lacgtmontreuil.fr\/index.php?rest_route=\/wp\/v2\/posts\/657\/revisions"}],"predecessor-version":[{"id":659,"href":"https:\/\/www.lacgtmontreuil.fr\/index.php?rest_route=\/wp\/v2\/posts\/657\/revisions\/659"}],"wp:attachment":[{"href":"https:\/\/www.lacgtmontreuil.fr\/index.php?rest_route=%2Fwp%2Fv2%2Fmedia&parent=657"}],"wp:term":[{"taxonomy":"category","embeddable":true,"href":"https:\/\/www.lacgtmontreuil.fr\/index.php?rest_route=%2Fwp%2Fv2%2Fcategories&post=657"},{"taxonomy":"post_tag","embeddable":true,"href":"https:\/\/www.lacgtmontreuil.fr\/index.php?rest_route=%2Fwp%2Fv2%2Ftags&post=657"}],"curies":[{"name":"wp","href":"https:\/\/api.w.org\/{rel}","templated":true}]}}