{"id":6566,"date":"2023-07-12T12:11:19","date_gmt":"2023-07-12T10:11:19","guid":{"rendered":"https:\/\/www.lacgtmontreuil.fr\/?p=6566"},"modified":"2023-07-12T12:11:19","modified_gmt":"2023-07-12T10:11:19","slug":"je-tu-ul-n444-a-lacoss-on-cause","status":"publish","type":"post","link":"https:\/\/www.lacgtmontreuil.fr\/?p=6566","title":{"rendered":"Je, Tu, UL n\u00b0444 &#8211; A L\u2019ACOSS, ON CAUSE"},"content":{"rendered":"\n<p>36, rue de Valmy\u00a0\u2013\u00a0A l\u2019ACOSS, le syndicat CGT tenait son assembl\u00e9e g\u00e9n\u00e9rale annuelle, avec une vingtaine de d\u00e9l\u00e9gu\u00e9-e-s r\u00e9uni-e-s \u00e0 la Bourse du Travail. L\u2019occasion de faire le point sur les suites \u00e0 donner \u00e0 la bataille sur les retraites, avec un d\u00e9bat sur les dangers li\u00e9s \u00e0 \u00ab l\u2019institutionnalisation \u00bb du syndicalisme, et la combattivit\u00e9 de syndiqu\u00e9s plus nombreux, comme plus s\u00fbr rem\u00e8de !<\/p>\n","protected":false},"excerpt":{"rendered":"<p>36, rue de Valmy\u00a0\u2013\u00a0A l\u2019ACOSS, le syndicat CGT tenait son assembl\u00e9e g\u00e9n\u00e9rale annuelle, avec une vingtaine de d\u00e9l\u00e9gu\u00e9-e-s r\u00e9uni-e-s \u00e0 la Bourse du Travail. L\u2019occasion de faire le point sur les suites \u00e0 donner \u00e0 la bataille sur les retraites, avec un d\u00e9bat sur les dangers li\u00e9s \u00e0 \u00ab l\u2019institutionnalisation \u00bb du syndicalisme, et la &hellip; <\/p>\n","protected":false},"author":19,"featured_media":0,"comment_status":"closed","ping_status":"open","sticky":false,"template":"","format":"standard","meta":{"footnotes":""},"categories":[2],"tags":[],"class_list":{"0":"entry","1":"post","2":"publish","3":"author-sebastien","4":"post-6566","6":"format-standard","7":"category-je-tu-ul"},"_links":{"self":[{"href":"https:\/\/www.lacgtmontreuil.fr\/index.php?rest_route=\/wp\/v2\/posts\/6566","targetHints":{"allow":["GET"]}}],"collection":[{"href":"https:\/\/www.lacgtmontreuil.fr\/index.php?rest_route=\/wp\/v2\/posts"}],"about":[{"href":"https:\/\/www.lacgtmontreuil.fr\/index.php?rest_route=\/wp\/v2\/types\/post"}],"author":[{"embeddable":true,"href":"https:\/\/www.lacgtmontreuil.fr\/index.php?rest_route=\/wp\/v2\/users\/19"}],"replies":[{"embeddable":true,"href":"https:\/\/www.lacgtmontreuil.fr\/index.php?rest_route=%2Fwp%2Fv2%2Fcomments&post=6566"}],"version-history":[{"count":1,"href":"https:\/\/www.lacgtmontreuil.fr\/index.php?rest_route=\/wp\/v2\/posts\/6566\/revisions"}],"predecessor-version":[{"id":6569,"href":"https:\/\/www.lacgtmontreuil.fr\/index.php?rest_route=\/wp\/v2\/posts\/6566\/revisions\/6569"}],"wp:attachment":[{"href":"https:\/\/www.lacgtmontreuil.fr\/index.php?rest_route=%2Fwp%2Fv2%2Fmedia&parent=6566"}],"wp:term":[{"taxonomy":"category","embeddable":true,"href":"https:\/\/www.lacgtmontreuil.fr\/index.php?rest_route=%2Fwp%2Fv2%2Fcategories&post=6566"},{"taxonomy":"post_tag","embeddable":true,"href":"https:\/\/www.lacgtmontreuil.fr\/index.php?rest_route=%2Fwp%2Fv2%2Ftags&post=6566"}],"curies":[{"name":"wp","href":"https:\/\/api.w.org\/{rel}","templated":true}]}}