{"id":6505,"date":"2023-05-19T16:51:40","date_gmt":"2023-05-19T14:51:40","guid":{"rendered":"https:\/\/www.lacgtmontreuil.fr\/?p=6505"},"modified":"2023-07-07T14:38:26","modified_gmt":"2023-07-07T12:38:26","slug":"edito-irrecevables-les-revendications","status":"publish","type":"post","link":"https:\/\/www.lacgtmontreuil.fr\/?p=6505","title":{"rendered":"Edito &#8211; IRRECEVABLES LES REVENDICATIONS ?"},"content":{"rendered":"\n<p>Alors que la<em> 14e<\/em> journ\u00e9e de gr\u00e8ve et de manifestation intersyndicale se pr\u00e9pare pour le <strong>mardi 6 juin<\/strong>, c&rsquo;est un<strong> nouveau coup de force<\/strong> contre la d\u00e9mocratie sociale et parlementaire que concocte le pouvoir pr\u00e9sidentiel devenu minoritaire.<br>De r\u00e9cents sondages confirment que<strong> 94 % des actifs sont hostiles <\/strong>au report de l&rsquo;\u00e2ge de la retraite ; le recours \u00e0 l&rsquo;article 49-3 avait emp\u00each\u00e9 un vote des d\u00e9put\u00e9s sur cette contre-r\u00e9forme ; la contestation reste omnipr\u00e9sente \u00e0 chaque d\u00e9placement pr\u00e9sidentiel ou minist\u00e9riel.<br>A court d&rsquo;arguments -lorsque m\u00eame les agences de notation sanctionnent la France pour cause d&rsquo;obstination macronienne- le gouvernement voudrait maintenant <strong>d\u00e9clarer irrecevable le projet de loi <\/strong>abrogeant le texte impos\u00e9 le 15 avril dernier, sur les 64 ans.<br>L&rsquo;artifice serait le suivant : l&rsquo;article 40 s&rsquo;opposerait \u00e0 toute loi<em> \u00ab\u00a0aggravant\u00a0\u00bb<\/em> la situation budg\u00e9taire. Ce qui une nouvelle fois serait<strong> passer sous silence le financement <\/strong>m\u00eame du syst\u00e8me de retraite,<strong> par la cotisation et non par l&rsquo;imp\u00f4t<\/strong>, ainsi que les nombreuses propositions pour le s\u00e9curiser, mises sur la table par les organisations syndicales et \u00e9cart\u00e9es par Madame BORNE.<br>Opposer cette fois, <strong>l&rsquo;irrecevabilit\u00e9<\/strong> au vote des d\u00e9put\u00e9s sur un texte -pas bien m\u00e9chant- des <em>\u00ab\u00a0centristes\u00a0\u00bb <\/em>du groupe LIOT, permet surtout de mesurer la<strong> f\u00e9brilit\u00e9 de l&rsquo;ex\u00e9cutif<\/strong>, pr\u00eat \u00e0 tous les mauvais coups contre la moindre contradiction de sa politique et pour qui la d\u00e9mocratie n&rsquo;existe que si elle vient valider les choix du capital.<br>Le 6 juin 2023 sera donc journ\u00e9e de mobilisation<strong> pour les retraites, les salaires et l&#8217;emploi bien s\u00fbr, mais aussi pour une autre conception de la d\u00e9mocratie dans ce pays !<\/strong> Un rendez-vous \u00e0 ne pas manquer ce jour-l\u00e0 \u00e0 14h00, place des Invalides.<\/p>\n","protected":false},"excerpt":{"rendered":"<p>Alors que la 14e journ\u00e9e de gr\u00e8ve et de manifestation intersyndicale se pr\u00e9pare pour le mardi 6 juin, c&rsquo;est un nouveau coup de force contre la d\u00e9mocratie sociale et parlementaire que concocte le pouvoir pr\u00e9sidentiel devenu minoritaire.De r\u00e9cents sondages confirment que 94 % des actifs sont hostiles au report de l&rsquo;\u00e2ge de la retraite ; &hellip; <\/p>\n","protected":false},"author":6,"featured_media":0,"comment_status":"closed","ping_status":"open","sticky":false,"template":"","format":"standard","meta":{"footnotes":""},"categories":[21],"tags":[],"class_list":{"0":"entry","1":"post","2":"publish","3":"author-richard","4":"post-6505","6":"format-standard","7":"category-editos"},"_links":{"self":[{"href":"https:\/\/www.lacgtmontreuil.fr\/index.php?rest_route=\/wp\/v2\/posts\/6505","targetHints":{"allow":["GET"]}}],"collection":[{"href":"https:\/\/www.lacgtmontreuil.fr\/index.php?rest_route=\/wp\/v2\/posts"}],"about":[{"href":"https:\/\/www.lacgtmontreuil.fr\/index.php?rest_route=\/wp\/v2\/types\/post"}],"author":[{"embeddable":true,"href":"https:\/\/www.lacgtmontreuil.fr\/index.php?rest_route=\/wp\/v2\/users\/6"}],"replies":[{"embeddable":true,"href":"https:\/\/www.lacgtmontreuil.fr\/index.php?rest_route=%2Fwp%2Fv2%2Fcomments&post=6505"}],"version-history":[{"count":3,"href":"https:\/\/www.lacgtmontreuil.fr\/index.php?rest_route=\/wp\/v2\/posts\/6505\/revisions"}],"predecessor-version":[{"id":6518,"href":"https:\/\/www.lacgtmontreuil.fr\/index.php?rest_route=\/wp\/v2\/posts\/6505\/revisions\/6518"}],"wp:attachment":[{"href":"https:\/\/www.lacgtmontreuil.fr\/index.php?rest_route=%2Fwp%2Fv2%2Fmedia&parent=6505"}],"wp:term":[{"taxonomy":"category","embeddable":true,"href":"https:\/\/www.lacgtmontreuil.fr\/index.php?rest_route=%2Fwp%2Fv2%2Fcategories&post=6505"},{"taxonomy":"post_tag","embeddable":true,"href":"https:\/\/www.lacgtmontreuil.fr\/index.php?rest_route=%2Fwp%2Fv2%2Ftags&post=6505"}],"curies":[{"name":"wp","href":"https:\/\/api.w.org\/{rel}","templated":true}]}}