{"id":640,"date":"2018-02-11T18:32:22","date_gmt":"2018-02-11T17:32:22","guid":{"rendered":"http:\/\/www.lacgtmontreuil.fr\/?p=640"},"modified":"2018-02-11T18:32:22","modified_gmt":"2018-02-11T17:32:22","slug":"je-tu-ul-mi-janvier-2012-n-85","status":"publish","type":"post","link":"https:\/\/www.lacgtmontreuil.fr\/?p=640","title":{"rendered":"Je, Tu, UL\u2026  Mi-Janvier 2012  N\u00b0 85"},"content":{"rendered":"<p><strong> Les br\u00e8ves de l\u2019UL CGT de Montreuil, 24, rue de Paris<\/strong><\/p>\n<p><img loading=\"lazy\" decoding=\"async\" width=\"109\" height=\"155\" class=\"wp-image-641\" src=\"https:\/\/www.lacgtmontreuil.fr\/wp-content\/uploads\/2018\/02\/logo_cgt-43.jpeg\" alt=\"logo_cgt\" \/>\u00a0\u00a0 <strong>Je, Tu, UL\u2026\u00a0 Mi-Janvier 2012\u00a0 N\u00b0 85<\/strong><\/p>\n<p><em>\u00ab\u00a0Tobin or not Tobin\u00a0: tax is the question\u00a0\u00bb<\/em><\/p>\n<p><strong>URSSAF, PAS BAT\u2019 D\u2019AF\u2019\u00a0:<\/strong> 22, rue de Lagny \u2013 Le budget 2012 de l\u2019URSSAF aurait d\u00fb \u00eatre vot\u00e9 le 20 d\u00e9cembre dernier, mais la direction, \u00e9chaud\u00e9e par la mobilisation du personnel, a annul\u00e9 impromptu le Conseil d\u2019Administration. La CGT ayant d\u00e9pos\u00e9 un nouvel appel \u00e0 la gr\u00e8ve pour le 24 janvier, date du prochain Conseil d\u2019Administration, la direction de l\u2019URSSAF a d\u00e9cid\u00e9 de le r\u00e9unir\u2026 au Cercle National des Arm\u00e9es\u00a0! Nostalgie des guerres coloniales des Bat\u2019 d\u2019Af\u2019 ou pr\u00e9lude \u00e0 un plan de guerre anti-sociale contre les revendications\u00a0: effectifs, conditions de travail, reconnaissance des qualifications, \u00e9galit\u00e9 femmes\/hommes, etc\u00a0?<\/p>\n<p><strong>JE, TUI, ELLE:<\/strong> 74, rue de Lagny \u2013 TUI France vient d\u2019absorber Nouvelles Fronti\u00e8res, Marmara et First Choice, rendant n\u00e9cessaire la constitution d\u2019un Comit\u00e9 Central d\u2019Entreprise et l\u2019ouverture de n\u00e9gociations au niveau de la nouvelle entit\u00e9, n\u00e9e le 9 janvier 2012. La CGT vient donc de d\u00e9signer notre camarade Maryline BAUDIN comme d\u00e9l\u00e9gu\u00e9e syndicale centrale de TUI et le syndicat Nouvelles Fronti\u00e8res se r\u00e9organise en cons\u00e9quence, afin de s\u2019adapter au nouveau p\u00e9rim\u00e8tre 2012.<\/p>\n<p><strong>MARIAGE INTERDIT PENDANT LES SOLDES\u00a0:<\/strong> 6, boulevard Chanzy \u2013 W&amp;S, marchand de chaussures dans le Centre Commercial de la Croix de Chavaux, n\u2019appr\u00e9cie pas que ses salari\u00e9es\u2026 trouvent chaussures \u00e0 leurs pieds. Rabia, vendeuse chez W&amp;S, s\u2019est ainsi fait prier de reporter sa date de mariage afin qu\u2019elle ne tombe pas en p\u00e9riode de soldes\u00a0! La CGT a donc du rappeler que les 4 jours de cong\u00e9s l\u00e9gaux pour mariage \u00e9taient consid\u00e9r\u00e9s comme du \u00ab\u00a0travail effectif\u00a0\u00bb aussi.<\/p>\n<p><strong>DENTS PAR 32, LICENCIEMENTS PAR 9\u00a0:<\/strong> 12, rue du Sergent Bobillot \u2013 ORMODENT, sp\u00e9cialiste montreuillois de l\u2019appareillage dentaire, r\u00e9unira le 17 janvier les \u00e9lus du personnel pour annoncer le licenciement du quart de l\u2019effectif. Comme il y a 2 ans, la charrette sera de 9 \u00ab\u00a0d\u00e9parts accompagn\u00e9s\u00a0\u00bb, car \u00e0 partir de 10, la loi obligerait le groupe n\u00e9erlandais ORMCO \u00e0 un plan de sauvegarde et \u00e0 chercher s\u00e9rieusement des reclassements.<\/p>\n","protected":false},"excerpt":{"rendered":"<p>Les br\u00e8ves de l\u2019UL CGT de Montreuil, 24, rue de Paris \u00a0\u00a0 Je, Tu, UL\u2026\u00a0 Mi-Janvier 2012\u00a0 N\u00b0 85 \u00ab\u00a0Tobin or not Tobin\u00a0: tax is the question\u00a0\u00bb URSSAF, PAS BAT\u2019 D\u2019AF\u2019\u00a0: 22, rue de Lagny \u2013 Le budget 2012 de l\u2019URSSAF aurait d\u00fb \u00eatre vot\u00e9 le 20 d\u00e9cembre dernier, mais la direction, \u00e9chaud\u00e9e par la &hellip; <\/p>\n","protected":false},"author":1,"featured_media":0,"comment_status":"closed","ping_status":"open","sticky":false,"template":"","format":"standard","meta":{"footnotes":""},"categories":[2],"tags":[],"class_list":{"0":"entry","1":"post","2":"publish","3":"author-ulmontreuil","4":"post-640","6":"format-standard","7":"category-je-tu-ul"},"_links":{"self":[{"href":"https:\/\/www.lacgtmontreuil.fr\/index.php?rest_route=\/wp\/v2\/posts\/640","targetHints":{"allow":["GET"]}}],"collection":[{"href":"https:\/\/www.lacgtmontreuil.fr\/index.php?rest_route=\/wp\/v2\/posts"}],"about":[{"href":"https:\/\/www.lacgtmontreuil.fr\/index.php?rest_route=\/wp\/v2\/types\/post"}],"author":[{"embeddable":true,"href":"https:\/\/www.lacgtmontreuil.fr\/index.php?rest_route=\/wp\/v2\/users\/1"}],"replies":[{"embeddable":true,"href":"https:\/\/www.lacgtmontreuil.fr\/index.php?rest_route=%2Fwp%2Fv2%2Fcomments&post=640"}],"version-history":[{"count":1,"href":"https:\/\/www.lacgtmontreuil.fr\/index.php?rest_route=\/wp\/v2\/posts\/640\/revisions"}],"predecessor-version":[{"id":642,"href":"https:\/\/www.lacgtmontreuil.fr\/index.php?rest_route=\/wp\/v2\/posts\/640\/revisions\/642"}],"wp:attachment":[{"href":"https:\/\/www.lacgtmontreuil.fr\/index.php?rest_route=%2Fwp%2Fv2%2Fmedia&parent=640"}],"wp:term":[{"taxonomy":"category","embeddable":true,"href":"https:\/\/www.lacgtmontreuil.fr\/index.php?rest_route=%2Fwp%2Fv2%2Fcategories&post=640"},{"taxonomy":"post_tag","embeddable":true,"href":"https:\/\/www.lacgtmontreuil.fr\/index.php?rest_route=%2Fwp%2Fv2%2Ftags&post=640"}],"curies":[{"name":"wp","href":"https:\/\/api.w.org\/{rel}","templated":true}]}}