{"id":637,"date":"2018-02-11T18:30:42","date_gmt":"2018-02-11T17:30:42","guid":{"rendered":"http:\/\/www.lacgtmontreuil.fr\/?p=637"},"modified":"2018-02-11T18:30:42","modified_gmt":"2018-02-11T17:30:42","slug":"je-tu-ul-debut-janvier-2012-n-84","status":"publish","type":"post","link":"https:\/\/www.lacgtmontreuil.fr\/?p=637","title":{"rendered":"Je, Tu, UL\u2026  D\u00e9but Janvier 2012  N\u00b0 84"},"content":{"rendered":"<p><strong> Les br\u00e8ves de l\u2019UL CGT de Montreuil, 24, rue de Paris<\/strong><\/p>\n<p><img loading=\"lazy\" decoding=\"async\" width=\"109\" height=\"155\" class=\"wp-image-638\" src=\"https:\/\/www.lacgtmontreuil.fr\/wp-content\/uploads\/2018\/02\/logo_cgt-42.jpeg\" alt=\"logo_cgt\" \/>\u00a0\u00a0 <strong>Je, Tu, UL\u2026\u00a0 D\u00e9but Janvier 2012\u00a0 N\u00b0 84<\/strong><\/p>\n<p><em>\u00ab\u00a0Sommet social\u00a0: chose promise, chomdu\u00a0\u00bb<\/em><\/p>\n<p><strong>ON FAIT GR\u00c8VE POUR VOUS\u00a0:<\/strong> 19, avenue de La R\u00e9sistance \u2013 MONOPRIX a remplac\u00e9 le P\u00e8re No\u00ebl par le P\u00e8re Fouettard. C\u2019est ce que d\u00e9nonce la section CGT qui rel\u00e8ve les pratiques inadmissibles contre les salari\u00e9-e-s\u00a0: insultes, noms d\u2019oiseau, racisme, chasse aux malades, m\u00e9pris et blocage des institutions repr\u00e9sentatives du personnel. L\u2019appel \u00e0 la gr\u00e8ve des 22 et 23 d\u00e9cembre dernier entendait \u00e9galement alerter les clients sur l\u2019effet, pour la cha\u00eene du froid, des courts-circuits \u00e9lectriques et sociaux.<\/p>\n<p><strong>CULTURE DU PORTAGE:<\/strong> 13, avenue de La R\u00e9sistance \u2013 Les Assises de la Culture, organis\u00e9es par la Ville de Montreuil, avaient \u00e9t\u00e9 sous-trait\u00e9es \u00e0 un cabinet de consultants, lequel avait eu la riche id\u00e9e de faire appel, pour \u00ab\u00a0mod\u00e9rer\u00a0\u00bb le d\u00e9bat consacr\u00e9 au \u00ab\u00a0nouveau mod\u00e8le pour l\u2019\u00e9conomie de la culture\u00a0\u00bb \u2026 au manager de l\u2019agence SMART, connue pour pratiquer ill\u00e9galement le portage salarial. Des syndicalistes CGT pr\u00e9sents en ont donc profit\u00e9 pour lui rappeler qu\u2019intermittents et professionnels appr\u00e9ciaient mod\u00e9r\u00e9ment son mod\u00e8le pour tourner les conventions collectives.<\/p>\n<p><strong>QUAND RENAULT RETAILLE\u00a0:<\/strong> 57, rue Armand Carrel \u2013 Le garage RENAULT est devenu, par fusion, RENAULT RETAIL GROUP, Etablissement de Pantin. Les salari\u00e9s ont compris le message en donnant 123 voix (61,8%) \u00e0 la CGT lors des \u00e9lections des repr\u00e9sentants du personnel. Contrari\u00e9e par ce r\u00e9sultat, la direction fait voter en catimini son projet \u2026 par 2 anciens \u00e9lus suppl\u00e9ants au CE. Patrice BUISSON, d\u00e9l\u00e9gu\u00e9 syndical CGT, a saisi le TGI pour un carton rouge \u00e0 ce PV bidon.<\/p>\n<p><strong>PERSONNEL MAL LOTI\u00a0:<\/strong> 8, rue M\u00e9riel \u2013 La d\u00e9gradation de la situation des salari\u00e9s \u00e0 la Conf\u00e9d\u00e9ration Nationale du Logement (CNL) avait conduit notre camarade Patricia SAVONNEAU \u00e0 exercer son droit d\u2019alerte sur les atteintes graves et r\u00e9p\u00e9t\u00e9es relev\u00e9es au sein de l\u2019association. La direction de la CNL vient de faire conna\u00eetre le rapport d\u2019enqu\u00eate qu\u2019elle a commandit\u00e9e en r\u00e9ponse, avec cette conclusion jug\u00e9e rassurante\u00a0: \u00ab\u00a0la souffrance au travail n\u2019est pas g\u00e9n\u00e9ralis\u00e9e \u00e0 la CNL\u00a0\u00bb\u2026 Ouf, on respire mieux\u00a0!<\/p>\n<p><strong>LA CGT CHEZ H2T\u00a0:<\/strong> 170, rue de la Nouvelle France \u2013 H2T c\u2019est la soci\u00e9t\u00e9 qui se cache sous l\u2019enseigne Super U. Il y a un an, la direction avait tent\u00e9 vainement d\u2019\u00e9carter la CGT des \u00e9lections DP\u00a0: cette fois, la nouvelle demande adress\u00e9e par notre camarade Khaled BERREHAIL devrait aboutir, car au lendemain des F\u00eates, le personnel a mis le nouveau directeur sous pression avec 5 nouvelles adh\u00e9sions \u00e0 la CGT, une p\u00e9tition et la menace d\u2019un d\u00e9brayage pour l\u2019inventaire du 5 janvier 2012.<\/p>\n","protected":false},"excerpt":{"rendered":"<p>Les br\u00e8ves de l\u2019UL CGT de Montreuil, 24, rue de Paris \u00a0\u00a0 Je, Tu, UL\u2026\u00a0 D\u00e9but Janvier 2012\u00a0 N\u00b0 84 \u00ab\u00a0Sommet social\u00a0: chose promise, chomdu\u00a0\u00bb ON FAIT GR\u00c8VE POUR VOUS\u00a0: 19, avenue de La R\u00e9sistance \u2013 MONOPRIX a remplac\u00e9 le P\u00e8re No\u00ebl par le P\u00e8re Fouettard. C\u2019est ce que d\u00e9nonce la section CGT qui rel\u00e8ve &hellip; <\/p>\n","protected":false},"author":1,"featured_media":0,"comment_status":"closed","ping_status":"open","sticky":false,"template":"","format":"standard","meta":{"footnotes":""},"categories":[2],"tags":[],"class_list":{"0":"entry","1":"post","2":"publish","3":"author-ulmontreuil","4":"post-637","6":"format-standard","7":"category-je-tu-ul"},"_links":{"self":[{"href":"https:\/\/www.lacgtmontreuil.fr\/index.php?rest_route=\/wp\/v2\/posts\/637","targetHints":{"allow":["GET"]}}],"collection":[{"href":"https:\/\/www.lacgtmontreuil.fr\/index.php?rest_route=\/wp\/v2\/posts"}],"about":[{"href":"https:\/\/www.lacgtmontreuil.fr\/index.php?rest_route=\/wp\/v2\/types\/post"}],"author":[{"embeddable":true,"href":"https:\/\/www.lacgtmontreuil.fr\/index.php?rest_route=\/wp\/v2\/users\/1"}],"replies":[{"embeddable":true,"href":"https:\/\/www.lacgtmontreuil.fr\/index.php?rest_route=%2Fwp%2Fv2%2Fcomments&post=637"}],"version-history":[{"count":1,"href":"https:\/\/www.lacgtmontreuil.fr\/index.php?rest_route=\/wp\/v2\/posts\/637\/revisions"}],"predecessor-version":[{"id":639,"href":"https:\/\/www.lacgtmontreuil.fr\/index.php?rest_route=\/wp\/v2\/posts\/637\/revisions\/639"}],"wp:attachment":[{"href":"https:\/\/www.lacgtmontreuil.fr\/index.php?rest_route=%2Fwp%2Fv2%2Fmedia&parent=637"}],"wp:term":[{"taxonomy":"category","embeddable":true,"href":"https:\/\/www.lacgtmontreuil.fr\/index.php?rest_route=%2Fwp%2Fv2%2Fcategories&post=637"},{"taxonomy":"post_tag","embeddable":true,"href":"https:\/\/www.lacgtmontreuil.fr\/index.php?rest_route=%2Fwp%2Fv2%2Ftags&post=637"}],"curies":[{"name":"wp","href":"https:\/\/api.w.org\/{rel}","templated":true}]}}