{"id":634,"date":"2018-02-11T18:29:06","date_gmt":"2018-02-11T17:29:06","guid":{"rendered":"http:\/\/www.lacgtmontreuil.fr\/?p=634"},"modified":"2018-02-11T18:29:06","modified_gmt":"2018-02-11T17:29:06","slug":"je-tu-ul-mi-decembre-2011-n-83","status":"publish","type":"post","link":"https:\/\/www.lacgtmontreuil.fr\/?p=634","title":{"rendered":"Je, Tu, UL\u2026   Mi-D\u00e9cembre 2011  N\u00b0 83"},"content":{"rendered":"<p><strong> Les br\u00e8ves de l\u2019UL CGT de Montreuil, 24, rue de Paris<\/strong><\/p>\n<p><img loading=\"lazy\" decoding=\"async\" width=\"109\" height=\"155\" class=\"wp-image-635\" src=\"https:\/\/www.lacgtmontreuil.fr\/wp-content\/uploads\/2018\/02\/logo_cgt-41.jpeg\" alt=\"logo_cgt\" \/>\u00a0\u00a0 <strong>Je, Tu, UL\u2026\u00a0\u00a0 Mi-D\u00e9cembre 2011\u00a0 N\u00b0 83<\/strong><\/p>\n<p><em>\u00ab\u00a0La r\u00e8gle d\u2019or\u00a0: augmenter les salaires et d\u00e9velopper l\u2019emploi\u00a0\u00bb<\/em><\/p>\n<p><strong>FAUX AUDIT, VRAIE INTOX\u00a0:<\/strong> Place Jean Jaur\u00e8s \u2013 A la Mairie, la stupeur a laiss\u00e9 place \u00e0 la col\u00e8re apr\u00e8s la campagne de presse contre le Comit\u00e9 des \u0152uvres Sociales et ses \u00e9lu-e-s CGT. Il s\u2019av\u00e8re en effet que l\u2019audit accusateur n\u2019en \u00e9tait pas un et que les d\u00e9penses attribu\u00e9es aux \u00e9lus \u00e9taient soit inexactes, soit non factur\u00e9es au COS. Dans un droit de r\u00e9ponse dat\u00e9 du 15\/12, Bernard Thibault exige la publication d\u2019un d\u00e9menti et s\u2019affirme \u00ab\u00a0totalement solidaire de nos repr\u00e9sentants CGT, \u00e0 Montreuil comme ailleurs\u00a0\u00bb. A suivre\u2026<\/p>\n<p><strong>NOUVELLES NOUVELLES:<\/strong> 74, rue de Lagny \u2013 Chez NOUVELLES FRONTI\u00c8RES l\u2019action collective paye. Dans un contexte de d\u00e9nonciation des accords collectifs par la maison-m\u00e8re TUI, l\u2019accord sur les 35 heures restera en vigueur et le projet de suppression des vendeurs-volants est officiellement abandonn\u00e9. Lors de la r\u00e9union du 15 d\u00e9cembre, les DP ont aussi obtenu un d\u00e9menti de la direction\u2026 sur les annonces du directeur qui voulait mettre en concurrence l\u2019emploi chez Marmara avec celui chez Nouvelles Fronti\u00e8res.<\/p>\n<p><strong>LES BONS PLANTS\u2026 PLANT\u00c9S\u00a0!\u00a0:<\/strong> 19, rue des Bons Plants \u2013 La directrice du Foyer \u00ab\u00a0Les Bons Plants\u00a0\u00bb (APAJH) avait supervis\u00e9 en octobre dernier le 3<sup>\u00e8me<\/sup> tour des \u00e9lections DP, de telle sorte que la candidate suppl\u00e9ante CGT en soit \u00e9cart\u00e9e. Le Tribunal d\u2019Instance de Montreuil vient de condamner l\u2019APAJH \u00e0 payer 150 euros \u00e0 l\u2019UL-CGT et, inversant le r\u00e9sultat, de proclamer \u00e9lue notre camarade R\u00e9gine PILLONI.<\/p>\n<p><strong>GR\u00c8VE CONTRE LA POUBELLISATION\u00a0:<\/strong> 14-16, rue du Midi \u2013 Le personnel du COS \u00ab\u00a0Les Sureaux\u00a0\u00bb \u00e9tait en gr\u00e8ve le 13 d\u00e9cembre, dans le cadre de la journ\u00e9e nationale d\u2019action, mais surtout pour poser une longue liste de revendications dont la conclusion \u00e9tait un grand \u00ab\u00a0non \u00e0 la poubellisation du centre\u00a0\u00bb, jug\u00e9 indigne d\u2019un accueil humain. Pour la premi\u00e8re fois depuis des lustres, la direction a d\u00fb entrouvrir le couvercle\u2026 pour dialoguer.<\/p>\n<p><strong>GROUPAMA, GROUPIE DE P\u00c9TAIN\u00a0?\u00a0:<\/strong> 67, rue Robespierre \u2013 GROUPAMA a investi des locaux flambant neufs, mais semble avoir du mal avec l\u2019histoire. Ainsi, dans un r\u00e9cent spot publicitaire destin\u00e9 \u00e0 vendre des compl\u00e9mentaires-sant\u00e9, on apprend, sous le titre \u00ab\u00a0une info insolite\u00a0\u00bb, que \u2026 \u00ab\u00a0Le r\u00e9gime de Vichy a cr\u00e9\u00e9 la S\u00e9curit\u00e9 Sociale\u00a0\u00bb. Passe encore que Groupama ait rat\u00e9 la conf\u00e9rence de l\u2019UL-CGT sur Ambroise Croizat, mais attribuer \u00e0 P\u00e9tain \u00ab\u00a0le m\u00e9rite de cr\u00e9er l\u2019Assurance Maladie telle que nous la connaissons aujourd\u2019hui\u00a0\u00bb, cela m\u00e9rite selon nous quelques protestations.<\/p>\n","protected":false},"excerpt":{"rendered":"<p>Les br\u00e8ves de l\u2019UL CGT de Montreuil, 24, rue de Paris \u00a0\u00a0 Je, Tu, UL\u2026\u00a0\u00a0 Mi-D\u00e9cembre 2011\u00a0 N\u00b0 83 \u00ab\u00a0La r\u00e8gle d\u2019or\u00a0: augmenter les salaires et d\u00e9velopper l\u2019emploi\u00a0\u00bb FAUX AUDIT, VRAIE INTOX\u00a0: Place Jean Jaur\u00e8s \u2013 A la Mairie, la stupeur a laiss\u00e9 place \u00e0 la col\u00e8re apr\u00e8s la campagne de presse contre le Comit\u00e9 &hellip; <\/p>\n","protected":false},"author":1,"featured_media":0,"comment_status":"closed","ping_status":"open","sticky":false,"template":"","format":"standard","meta":{"footnotes":""},"categories":[2],"tags":[],"class_list":{"0":"entry","1":"post","2":"publish","3":"author-ulmontreuil","4":"post-634","6":"format-standard","7":"category-je-tu-ul"},"_links":{"self":[{"href":"https:\/\/www.lacgtmontreuil.fr\/index.php?rest_route=\/wp\/v2\/posts\/634","targetHints":{"allow":["GET"]}}],"collection":[{"href":"https:\/\/www.lacgtmontreuil.fr\/index.php?rest_route=\/wp\/v2\/posts"}],"about":[{"href":"https:\/\/www.lacgtmontreuil.fr\/index.php?rest_route=\/wp\/v2\/types\/post"}],"author":[{"embeddable":true,"href":"https:\/\/www.lacgtmontreuil.fr\/index.php?rest_route=\/wp\/v2\/users\/1"}],"replies":[{"embeddable":true,"href":"https:\/\/www.lacgtmontreuil.fr\/index.php?rest_route=%2Fwp%2Fv2%2Fcomments&post=634"}],"version-history":[{"count":1,"href":"https:\/\/www.lacgtmontreuil.fr\/index.php?rest_route=\/wp\/v2\/posts\/634\/revisions"}],"predecessor-version":[{"id":636,"href":"https:\/\/www.lacgtmontreuil.fr\/index.php?rest_route=\/wp\/v2\/posts\/634\/revisions\/636"}],"wp:attachment":[{"href":"https:\/\/www.lacgtmontreuil.fr\/index.php?rest_route=%2Fwp%2Fv2%2Fmedia&parent=634"}],"wp:term":[{"taxonomy":"category","embeddable":true,"href":"https:\/\/www.lacgtmontreuil.fr\/index.php?rest_route=%2Fwp%2Fv2%2Fcategories&post=634"},{"taxonomy":"post_tag","embeddable":true,"href":"https:\/\/www.lacgtmontreuil.fr\/index.php?rest_route=%2Fwp%2Fv2%2Ftags&post=634"}],"curies":[{"name":"wp","href":"https:\/\/api.w.org\/{rel}","templated":true}]}}