{"id":595,"date":"2018-02-11T17:55:29","date_gmt":"2018-02-11T16:55:29","guid":{"rendered":"http:\/\/www.lacgtmontreuil.fr\/?p=595"},"modified":"2018-02-11T17:55:29","modified_gmt":"2018-02-11T16:55:29","slug":"je-tu-ul-fin-juin-2011-n-71","status":"publish","type":"post","link":"https:\/\/www.lacgtmontreuil.fr\/?p=595","title":{"rendered":"Je, Tu, UL\u2026  Fin juin 2011  N\u00b0 71"},"content":{"rendered":"<p><strong> Les br\u00e8ves de l\u2019UL CGT de Montreuil, 24, rue de Paris<\/strong><\/p>\n<p><img loading=\"lazy\" decoding=\"async\" width=\"109\" height=\"155\" class=\"wp-image-596\" src=\"https:\/\/www.lacgtmontreuil.fr\/wp-content\/uploads\/2018\/02\/logo_cgt-29.jpeg\" alt=\"logo_cgt\" \/>\u00a0\u00a0 <strong>Je, Tu, UL\u2026\u00a0 Fin juin 2011\u00a0 N\u00b0 71<\/strong><\/p>\n<p><em>\u00ab\u00a035 euros pour pouvoir saisir les Prud\u2019hommes\u00a0: c\u2019est 2 fois l\u2019augmentation du SMIC\u00a0!\u00bb<\/em><\/p>\n<p><strong>LA DIRECTION NE MANQUE PAS D\u2019AIR\u00a0:<\/strong> 30, avenue L\u00e9on Gaumont \u2013 La direction maintien son plan de vol, malgr\u00e9 les fortes turbulences sociales qui vont s\u2019amplifiant. Ce 1<sup>er<\/sup> juillet, les salari\u00e9s du Commercial \u00e0 Montreuil ont donc de nouveau d\u00e9bray\u00e9 contre la d\u00e9localisation de leurs activit\u00e9s et sont partis \u00e0 la rencontre de leurs coll\u00e8gues de l\u2019escale de Roissy et des m\u00e9caniciens, eux aussi en lutte. Rendez-vous est d\u00e9j\u00e0 pris pour le 8 juillet prochain, pour une nouvelle journ\u00e9e d\u2019action, avec la volont\u00e9 de se coordonner pour agir tous ensemble.<\/p>\n<p><strong>COS TOUJOURS\u00a0:<\/strong> 1, boulevard Henri Barbusse \u2013 Fond\u00e9 en 1967, le Comit\u00e9 des \u0152uvres Sociales (COS) de la Ville de Montreuil a \u00e9t\u00e9 cr\u00e9\u00e9 pour permettre aux agents territoriaux de b\u00e9n\u00e9ficier d\u2019une \u00e9quivalence avec les C.E. du priv\u00e9. Le 16 juin dernier, le personnel de la Mairie votait pour renouveler ses \u00e9lu(e)s au COS. Avec 805 voix, la CGT obtient 9 si\u00e8ges et 66,15% des exprim\u00e9s, 310 voix et 3 si\u00e8ges pour la FSU et 102 voix et 1 si\u00e8ge pour la CFDT. Notre camarade Saphia BELTRAN a \u00e9t\u00e9 r\u00e9\u00e9lue Pr\u00e9sidente du COS.<\/p>\n<p><strong>CA S\u2019ARROSE\u00a0! :<\/strong> 263, rue de Paris \u2013 Depuis 2 mois au si\u00e8ge de la CGT, le personnel d\u2019Avenance et les usagers du restaurant interentreprises s\u2019opposaient \u00e0 la fermeture annuelle qu\u2019on voulait leur imposer. Victoire\u00a0! Bar et resto resteront ouverts tout l\u2019\u00e9t\u00e9, les cong\u00e9s du personnel seront en cons\u00e9quence respect\u00e9s. Une lutte \u2013 pour la petite histoire \u2013 anim\u00e9e par temps de grande s\u00e9cheresse par notre camarade Victor MEDOKPO, conseiller prud\u2019homme CGT\u2026 et barman chez Avenance.<\/p>\n<p><strong>R\u00c9GULARISATIONS PAYANTES\u00a0:<\/strong> 7, rue du Progr\u00e8s \u2013 La soci\u00e9t\u00e9 COGEBAT-BETSALEL, devenue TED DEMOLITION, pouvait jusqu\u2019en 2009 \u00ab\u00a0oublier\u00a0\u00bb de payer ses ouvriers\u2026 puisqu\u2019ils \u00e9taient sans papier. R\u00e9gularis\u00e9s lors des vagues des gr\u00e8ves des travailleurs sans papier, nos camarades DIAGOURAGA et DIBATERE ont d\u00e9cid\u00e9 de ne plus faire de cadeaux. D\u00e9fendus par la CGT devant le Conseil de Prud\u2019hommes, ils obtiennent 7307.46\u20ac pour l\u2019un et 10371.82\u20ac pour l\u2019autre.<\/p>\n<p><strong>RUES ET CGT\u00a0:<\/strong> 24, boulevard Paul-Vaillant Couturier \u2013 L\u2019association Rues et Cit\u00e9s aura fr\u00f4l\u00e9 le d\u00e9mant\u00e8lement de son activit\u00e9 cet \u00e9t\u00e9. D\u00e9cid\u00e9s \u00e0 d\u00e9fendre leur outil de travail, les travailleurs sociaux de l\u2019association ont donc constitu\u00e9 leur section syndicale CGT, qui d\u00e9signera d\u00e8s lundi C\u00e9line NACHEF en qualit\u00e9 de d\u00e9l\u00e9gu\u00e9e syndicale CGT.<\/p>\n","protected":false},"excerpt":{"rendered":"<p>Les br\u00e8ves de l\u2019UL CGT de Montreuil, 24, rue de Paris \u00a0\u00a0 Je, Tu, UL\u2026\u00a0 Fin juin 2011\u00a0 N\u00b0 71 \u00ab\u00a035 euros pour pouvoir saisir les Prud\u2019hommes\u00a0: c\u2019est 2 fois l\u2019augmentation du SMIC\u00a0!\u00bb LA DIRECTION NE MANQUE PAS D\u2019AIR\u00a0: 30, avenue L\u00e9on Gaumont \u2013 La direction maintien son plan de vol, malgr\u00e9 les fortes turbulences &hellip; <\/p>\n","protected":false},"author":1,"featured_media":0,"comment_status":"closed","ping_status":"open","sticky":false,"template":"","format":"standard","meta":{"footnotes":""},"categories":[2],"tags":[],"class_list":{"0":"entry","1":"post","2":"publish","3":"author-ulmontreuil","4":"post-595","6":"format-standard","7":"category-je-tu-ul"},"_links":{"self":[{"href":"https:\/\/www.lacgtmontreuil.fr\/index.php?rest_route=\/wp\/v2\/posts\/595","targetHints":{"allow":["GET"]}}],"collection":[{"href":"https:\/\/www.lacgtmontreuil.fr\/index.php?rest_route=\/wp\/v2\/posts"}],"about":[{"href":"https:\/\/www.lacgtmontreuil.fr\/index.php?rest_route=\/wp\/v2\/types\/post"}],"author":[{"embeddable":true,"href":"https:\/\/www.lacgtmontreuil.fr\/index.php?rest_route=\/wp\/v2\/users\/1"}],"replies":[{"embeddable":true,"href":"https:\/\/www.lacgtmontreuil.fr\/index.php?rest_route=%2Fwp%2Fv2%2Fcomments&post=595"}],"version-history":[{"count":1,"href":"https:\/\/www.lacgtmontreuil.fr\/index.php?rest_route=\/wp\/v2\/posts\/595\/revisions"}],"predecessor-version":[{"id":597,"href":"https:\/\/www.lacgtmontreuil.fr\/index.php?rest_route=\/wp\/v2\/posts\/595\/revisions\/597"}],"wp:attachment":[{"href":"https:\/\/www.lacgtmontreuil.fr\/index.php?rest_route=%2Fwp%2Fv2%2Fmedia&parent=595"}],"wp:term":[{"taxonomy":"category","embeddable":true,"href":"https:\/\/www.lacgtmontreuil.fr\/index.php?rest_route=%2Fwp%2Fv2%2Fcategories&post=595"},{"taxonomy":"post_tag","embeddable":true,"href":"https:\/\/www.lacgtmontreuil.fr\/index.php?rest_route=%2Fwp%2Fv2%2Ftags&post=595"}],"curies":[{"name":"wp","href":"https:\/\/api.w.org\/{rel}","templated":true}]}}