{"id":591,"date":"2018-02-11T17:49:15","date_gmt":"2018-02-11T16:49:15","guid":{"rendered":"http:\/\/www.lacgtmontreuil.fr\/?p=591"},"modified":"2018-02-11T17:49:15","modified_gmt":"2018-02-11T16:49:15","slug":"je-tu-ul-mi-juin-2011-n-70","status":"publish","type":"post","link":"https:\/\/www.lacgtmontreuil.fr\/?p=591","title":{"rendered":"Je, Tu, UL\u2026  Mi juin 2011  N\u00b0 70"},"content":{"rendered":"<p><strong> Les br\u00e8ves de l\u2019UL CGT de Montreuil, 24, rue de Paris<\/strong><\/p>\n<p><img loading=\"lazy\" decoding=\"async\" width=\"109\" height=\"155\" class=\"wp-image-592\" src=\"https:\/\/www.lacgtmontreuil.fr\/wp-content\/uploads\/2018\/02\/logo_cgt-28.jpeg\" alt=\"logo_cgt\" \/>\u00a0\u00a0 <strong>Je, Tu, UL\u2026\u00a0 Mi juin 2011\u00a0 N\u00b0 70<\/strong><\/p>\n<p><em>\u00ab\u00a0Forfait-jours\u00a0: apr\u00e8s l\u2019heure, c\u2019est plus l\u2019heure\u00a0!\u00bb<\/em><\/p>\n<p><strong>R\u00c9VEIL SOCIAL \u00c1 AIR-FRANCE\u00a0:<\/strong> 30, avenue L\u00e9on Gaumont \u2013 La mobilisation du 6 juin dernier, \u00e0 l\u2019appel de l\u2019UL-CGT Montreuil, SUD AERIEN et de la coordination des salari\u00e9s, a rencontr\u00e9 de nouveau un vif succ\u00e8s\u00a0avec plus de 120 gr\u00e9vistes recens\u00e9s et la quasi paralysie de la Hotline Internet. Du coup, les syndicats FO et CFDT, en \u00ab\u00a0veille sociale\u00a0\u00bb depuis Mars, se r\u00e9veillent enfin et s\u2019associent \u00e0 la prochaine journ\u00e9e d\u2019action du 14 juin, qui verra cette fois l\u2019ensemble des centres de Province entrer dans la danse aux c\u00f4t\u00e9s de Montreuil et de la filiale Blue Link. L\u2019atterrissage s\u2019annonce de plus en plus compliqu\u00e9 pour la Direction\u2026<\/p>\n<p><strong>A MOI COMTE, 8000 EUROS\u00a0!\u00a0:<\/strong> 3, rue M\u00e9riel \u2013 Le Cabinet COMTE fait profession de Syndic. A ce titre, il repr\u00e9sentait le syndicat des copropri\u00e9taires du 3, avenue Walwein pour licencier l\u2019employ\u00e9e d\u2019immeuble, Madame Luisa AFONSO, au motif qu\u2019il fallait bien payer le surco\u00fbt du combustible. D\u00e9fendue par la CGT devant le Conseil de Prud\u2019hommes, c\u2019est un autre \u00ab\u00a0surco\u00fbt\u00a0\u00bb que Madame AFONSO a fait valoir\u00a0: 8000 \u20ac de dommages et int\u00e9r\u00eats.<\/p>\n<p><strong>CETTE AFPA-L\u00c1, ON N\u2019EN VEUT PAS\u00a0! :<\/strong> 13, place du G\u00e9n\u00e9ral de Gaulle \u2013 Le nouveau plan strat\u00e9gique de l\u2019AFPA visant \u00e0 la transformer en usine \u00e0 faire du chiffre, n\u2019est pour les personnels qu\u2019une usine \u00e0 gaz vou\u00e9e \u00e0 mettre les cl\u00e9s sous la porte. Contre cette faillite organis\u00e9e, la CGT avec l\u2019ensemble des syndicats de l\u2019AFPA propose la gr\u00e8ve \u00e0 partir du 23 juin, avec manifestation \u00e0 12h30 place de la R\u00e9publique \u00e0 Paris en convergence avec les ch\u00f4meurs, les salari\u00e9s du GRETA et de P\u00f4le-Emploi.<\/p>\n<p><strong>TRADUCTION \u00c9LECTORALE\u00a0:<\/strong> 14, rue de la Beaune \u2013 Avant d\u2019\u00e9lire ses d\u00e9l\u00e9gu\u00e9s, le personnel de T\u00e9l\u00e9lingua France, entreprise de traduction, avait auditionn\u00e9 la CFDT et la CGT\u2026 pour choisir. R\u00e9sultat d\u00e8s le 1<sup>er<\/sup> tour le 6 juin\u00a0: avec 25 voix sur 27 inscrits, Claire, Vanessa, Graziella et Isabelle, les 4 candidates CGT sont \u00e9lues haut la main.<\/p>\n<p><strong>FRONTI\u00c8RE FRANCHIE\u00a0:<\/strong> 74, rue de Lagny \u2013 Ce sont 130 salari\u00e9-e-s de Nouvelles Fronti\u00e8res qui ont en 2011 \u00ab\u00a0franchi la porte\u00a0\u00bb de la CGT. Le syndicat a donc d\u00e9cid\u00e9 de r\u00e9unir son assembl\u00e9e g\u00e9n\u00e9rale au Centre de Formation de Courcelles pour disposer d\u2019un espace adapt\u00e9\u00a0: les 9 et 10 juin, \u00e0 l\u2019issue des d\u00e9bats, c\u2019est notre camarade Elisabeth BARTHOMEUF qui a \u00e9t\u00e9 r\u00e9\u00e9lue secr\u00e9taire g\u00e9n\u00e9rale.<\/p>\n","protected":false},"excerpt":{"rendered":"<p>Les br\u00e8ves de l\u2019UL CGT de Montreuil, 24, rue de Paris \u00a0\u00a0 Je, Tu, UL\u2026\u00a0 Mi juin 2011\u00a0 N\u00b0 70 \u00ab\u00a0Forfait-jours\u00a0: apr\u00e8s l\u2019heure, c\u2019est plus l\u2019heure\u00a0!\u00bb R\u00c9VEIL SOCIAL \u00c1 AIR-FRANCE\u00a0: 30, avenue L\u00e9on Gaumont \u2013 La mobilisation du 6 juin dernier, \u00e0 l\u2019appel de l\u2019UL-CGT Montreuil, SUD AERIEN et de la coordination des salari\u00e9s, a &hellip; <\/p>\n","protected":false},"author":1,"featured_media":0,"comment_status":"closed","ping_status":"open","sticky":false,"template":"","format":"standard","meta":{"footnotes":""},"categories":[2],"tags":[],"class_list":{"0":"entry","1":"post","2":"publish","3":"author-ulmontreuil","4":"post-591","6":"format-standard","7":"category-je-tu-ul"},"_links":{"self":[{"href":"https:\/\/www.lacgtmontreuil.fr\/index.php?rest_route=\/wp\/v2\/posts\/591","targetHints":{"allow":["GET"]}}],"collection":[{"href":"https:\/\/www.lacgtmontreuil.fr\/index.php?rest_route=\/wp\/v2\/posts"}],"about":[{"href":"https:\/\/www.lacgtmontreuil.fr\/index.php?rest_route=\/wp\/v2\/types\/post"}],"author":[{"embeddable":true,"href":"https:\/\/www.lacgtmontreuil.fr\/index.php?rest_route=\/wp\/v2\/users\/1"}],"replies":[{"embeddable":true,"href":"https:\/\/www.lacgtmontreuil.fr\/index.php?rest_route=%2Fwp%2Fv2%2Fcomments&post=591"}],"version-history":[{"count":1,"href":"https:\/\/www.lacgtmontreuil.fr\/index.php?rest_route=\/wp\/v2\/posts\/591\/revisions"}],"predecessor-version":[{"id":593,"href":"https:\/\/www.lacgtmontreuil.fr\/index.php?rest_route=\/wp\/v2\/posts\/591\/revisions\/593"}],"wp:attachment":[{"href":"https:\/\/www.lacgtmontreuil.fr\/index.php?rest_route=%2Fwp%2Fv2%2Fmedia&parent=591"}],"wp:term":[{"taxonomy":"category","embeddable":true,"href":"https:\/\/www.lacgtmontreuil.fr\/index.php?rest_route=%2Fwp%2Fv2%2Fcategories&post=591"},{"taxonomy":"post_tag","embeddable":true,"href":"https:\/\/www.lacgtmontreuil.fr\/index.php?rest_route=%2Fwp%2Fv2%2Ftags&post=591"}],"curies":[{"name":"wp","href":"https:\/\/api.w.org\/{rel}","templated":true}]}}