{"id":5886,"date":"2022-05-30T19:12:12","date_gmt":"2022-05-30T17:12:12","guid":{"rendered":"http:\/\/www.lacgtmontreuil.fr\/?p=5886"},"modified":"2022-05-30T19:12:12","modified_gmt":"2022-05-30T17:12:12","slug":"je-tu-ul-fin-mai-2022-n414","status":"publish","type":"post","link":"https:\/\/www.lacgtmontreuil.fr\/?p=5886","title":{"rendered":"Je, Tu, UL\u2026  Fin Mai 2022   N\u00b0414"},"content":{"rendered":"<p><a href=\"https:\/\/www.lacgtmontreuil.fr\/wp-content\/uploads\/2019\/01\/logo_cgt-ul-MONTREUIL-4.jpg\"><img loading=\"lazy\" decoding=\"async\" class=\"alignnone  wp-image-2768\" src=\"https:\/\/www.lacgtmontreuil.fr\/wp-content\/uploads\/2019\/01\/logo_cgt-ul-MONTREUIL-4-199x300.jpg\" alt=\"\" width=\"115\" height=\"173\" srcset=\"https:\/\/www.lacgtmontreuil.fr\/wp-content\/uploads\/2019\/01\/logo_cgt-ul-MONTREUIL-4-199x300.jpg 199w, https:\/\/www.lacgtmontreuil.fr\/wp-content\/uploads\/2019\/01\/logo_cgt-ul-MONTREUIL-4.jpg 476w\" sizes=\"auto, (max-width: 115px) 100vw, 115px\" \/>\u00a0\u00a0\u00a0\u00a0\u00a0\u00a0\u00a0\u00a0\u00a0\u00a0\u00a0\u00a0\u00a0\u00a0\u00a0\u00a0\u00a0\u00a0\u00a0\u00a0\u00a0\u00a0 <\/a><span style=\"color: #ff0000;\"><strong>\u00a0Renaissance\u00a0: Re-borne\u00a0! <\/strong><\/span><em><br \/>\n<\/em><\/p>\n<hr \/>\n<p style=\"text-align: justify;\"><strong>DES RAT\u00c9S \u00c0 LA RATP\u00a0:<\/strong> place Jean Jaur\u00e8s \u2013 Le R\u00c9SEAU BUS refuse d\u2019avaler les 190 heures par an que la RATP voudrait imposer aux machinistes pour pr\u00e9parer la privatisation des lignes. Les 23, 24 et 25 mai ont donc \u00e9t\u00e9 ponctu\u00e9s de gr\u00e8ves et interruptions ou fortes \u00ab\u00a0perturbations\u00a0\u00bb de lignes jusqu\u2019au week-end de l\u2019Ascension. Sur Montreuil, la CGT d\u00e9nombrait, le 23, 70% de gr\u00e9vistes pour la manifestation devant le Minist\u00e8re de la Transition \u00c9cologique.<\/p>\n<p style=\"text-align: justify;\"><strong>NON AU HARC\u00c8LEMENT NUM\u00c9RIQUE :<\/strong> 3, rue Franklin \u2013 A l\u2019AFPA, le syndicat CGT vient de signer l\u2019accord d\u2019entreprise sur le droit \u00e0 la d\u00e9connexion, un nombre cons\u00e9quent des revendications qu\u2019elle portait ayant \u00e9t\u00e9 int\u00e9gr\u00e9 dans le texte final. Outre l\u2019application de ce droit y compris pendant les heures de travail exigeant une concentration particuli\u00e8re, l\u2019accord pr\u00e9voit la suppression d\u2019une fonctionnalit\u00e9 \u00ab\u00a0moucharde\u00a0\u00bb de l\u2019environnement Microsoft, la planification syst\u00e9matique des pauses et la mise en place d\u2019un diagnostic pour la pr\u00e9vention.<\/p>\n<p style=\"text-align: justify;\"><strong>UNE DENT CONTRE SANT\u00c9 M\u00c9DIA\u00a0:<\/strong> 2, rue Armand Carrel \u2013 Le CENTRE SANT\u00c9 MEDIA devra indemniser \u00e0 hauteur de 20000\u20ac notre camarade Souad ATTIK, assistant dentaire qui avait \u00e9t\u00e9 licenci\u00e9e pour une \u00e9criture sur un bloc d\u2019ordonnances que l\u2019employeur lui attribuait. Stup\u00e9faits par la l\u00e9g\u00e8ret\u00e9 de l\u2019accusation, les juges prud\u2019homaux ont donc enti\u00e8rement reprise les arguments en d\u00e9fense pr\u00e9sent\u00e9s par la CGT.<\/p>\n<p style=\"text-align: justify;\"><strong>EMPREINTES ET AU GROS SABOTS : <\/strong>22-24, rue de Lagny \u2013 L\u2019URSSAF voulait vanter son projet \u00ab\u00a0Empreintes\u00a0\u00bb aupr\u00e8s du CSE. Lequel y a reconnu un outil de surveillance des transactions sur les DSN\u00a0: une vingtaine d\u2019inspecteurs ont \u00e9t\u00e9 d\u00e9j\u00e0 interrog\u00e9s par leur encadrement sur leur z\u00e8le suppos\u00e9. Une mise sous surveillance intol\u00e9rable pour la CGT qui r\u00e9clame l\u2019abandon du projet ou, \u00e0 d\u00e9faut, une \u00e9tude d\u2019impact sur les risques psycho-sociaux de ce \u00ab\u00a0big brother\u00a0\u00bb intrusif.<\/p>\n<p style=\"text-align: justify;\"><strong>CHASSE AU CERFA\u00a0:<\/strong> 17, place du G\u00e9n\u00e9ral de Gaulle \u2013 POWER CLEAN vient de \u00ab\u00a0d\u00e9couvrir\u00a0\u00bb que les salari\u00e9s doivent \u00eatre en r\u00e8gle, c\u2019est-\u00e0-dire autoris\u00e9s \u00e0 travailler, d\u00e9clar\u00e9s et r\u00e9mun\u00e9r\u00e9s. Une d\u00e9couverte cons\u00e9cutive \u00e0 la visite d\u2019une d\u00e9l\u00e9gation de salari\u00e9s, accompagn\u00e9s par la CGT, venue r\u00e9clamer une r\u00e9gularisation sans d\u00e9lai. Deux jours de gr\u00e8ve auront suffi pour la remise aux 5 salari\u00e9s concern\u00e9s des \u00ab\u00a0cerfa\u00a0\u00bb permettant de r\u00e9clamer leur autorisation de travailler.<\/p>\n<p style=\"text-align: justify;\"><strong>FIN DE L\u2019EXOTISME\u00a0:<\/strong> 28, rue Kl\u00e9ber \u2013 Le groupe STREET BANGKOK avait \u00e9lu en 2021 son CSE sans formaliser l\u2019existence de la section syndicale CGT. C\u2019est d\u00e9sormais chose faite, depuis le 25 mai et la d\u00e9signation de notre camarade Charlie PARENT pour conduire la d\u00e9l\u00e9gation CGT aux n\u00e9gociations obligatoires et mettre un terme aux diverses entraves constat\u00e9es.<\/p>\n","protected":false},"excerpt":{"rendered":"<p>\u00a0\u00a0\u00a0\u00a0\u00a0\u00a0\u00a0\u00a0\u00a0\u00a0\u00a0\u00a0\u00a0\u00a0\u00a0\u00a0\u00a0\u00a0\u00a0\u00a0\u00a0\u00a0 \u00a0Renaissance\u00a0: Re-borne\u00a0! DES RAT\u00c9S \u00c0 LA RATP\u00a0: place Jean Jaur\u00e8s \u2013 Le R\u00c9SEAU BUS refuse d\u2019avaler les 190 heures par an que la RATP voudrait imposer aux machinistes pour pr\u00e9parer la privatisation des lignes. Les 23, 24 et 25 mai ont donc \u00e9t\u00e9 ponctu\u00e9s de gr\u00e8ves et interruptions ou fortes \u00ab\u00a0perturbations\u00a0\u00bb de lignes jusqu\u2019au &hellip; <\/p>\n","protected":false},"author":1,"featured_media":0,"comment_status":"closed","ping_status":"open","sticky":false,"template":"","format":"standard","meta":{"footnotes":""},"categories":[2],"tags":[],"class_list":{"0":"entry","1":"post","2":"publish","3":"author-ulmontreuil","4":"post-5886","6":"format-standard","7":"category-je-tu-ul"},"_links":{"self":[{"href":"https:\/\/www.lacgtmontreuil.fr\/index.php?rest_route=\/wp\/v2\/posts\/5886","targetHints":{"allow":["GET"]}}],"collection":[{"href":"https:\/\/www.lacgtmontreuil.fr\/index.php?rest_route=\/wp\/v2\/posts"}],"about":[{"href":"https:\/\/www.lacgtmontreuil.fr\/index.php?rest_route=\/wp\/v2\/types\/post"}],"author":[{"embeddable":true,"href":"https:\/\/www.lacgtmontreuil.fr\/index.php?rest_route=\/wp\/v2\/users\/1"}],"replies":[{"embeddable":true,"href":"https:\/\/www.lacgtmontreuil.fr\/index.php?rest_route=%2Fwp%2Fv2%2Fcomments&post=5886"}],"version-history":[{"count":1,"href":"https:\/\/www.lacgtmontreuil.fr\/index.php?rest_route=\/wp\/v2\/posts\/5886\/revisions"}],"predecessor-version":[{"id":5889,"href":"https:\/\/www.lacgtmontreuil.fr\/index.php?rest_route=\/wp\/v2\/posts\/5886\/revisions\/5889"}],"wp:attachment":[{"href":"https:\/\/www.lacgtmontreuil.fr\/index.php?rest_route=%2Fwp%2Fv2%2Fmedia&parent=5886"}],"wp:term":[{"taxonomy":"category","embeddable":true,"href":"https:\/\/www.lacgtmontreuil.fr\/index.php?rest_route=%2Fwp%2Fv2%2Fcategories&post=5886"},{"taxonomy":"post_tag","embeddable":true,"href":"https:\/\/www.lacgtmontreuil.fr\/index.php?rest_route=%2Fwp%2Fv2%2Ftags&post=5886"}],"curies":[{"name":"wp","href":"https:\/\/api.w.org\/{rel}","templated":true}]}}