{"id":588,"date":"2018-02-11T17:47:22","date_gmt":"2018-02-11T16:47:22","guid":{"rendered":"http:\/\/www.lacgtmontreuil.fr\/?p=588"},"modified":"2018-02-11T17:47:22","modified_gmt":"2018-02-11T16:47:22","slug":"je-tu-ul-debut-juin-2011-n-69","status":"publish","type":"post","link":"https:\/\/www.lacgtmontreuil.fr\/?p=588","title":{"rendered":"Je, Tu, UL\u2026  D\u00e9but juin 2011  N\u00b0 69"},"content":{"rendered":"<p><strong> Les br\u00e8ves de l\u2019UL CGT de Montreuil, 24, rue de Paris<\/strong><\/p>\n<p><img loading=\"lazy\" decoding=\"async\" width=\"109\" height=\"155\" class=\"wp-image-589\" src=\"https:\/\/www.lacgtmontreuil.fr\/wp-content\/uploads\/2018\/02\/logo_cgt-27.jpeg\" alt=\"logo_cgt\" \/>\u00a0\u00a0 <strong>Je, Tu, UL\u2026\u00a0 D\u00e9but juin 2011\u00a0 N\u00b0 69<\/strong><\/p>\n<p><em>\u00ab\u00a0D\u2019Ath\u00e8nes \u00e0 Madrid, indign\u00e9 ou indigne\u00a0: il faut choisir sa place\u00a0!\u00bb<\/em><\/p>\n<p><strong>AIR-FRANCE\u00a0: ATTACHEZ VOS CEINTURES\u00a0!:<\/strong> 30, avenue L\u00e9on Gaumont \u2013 Malgr\u00e9 le succ\u00e8s de la gr\u00e8ve du 12 mai qui a mobilis\u00e9 une centaine de gr\u00e9vistes, la Direction ne renonce toujours pas \u00e0 ses projets de vente \u00e0 la d\u00e9coupe des activit\u00e9s commerciales. Les salari\u00e9s sont donc appel\u00e9s \u00e0 une nouvelle journ\u00e9e d\u2019action le 6 juin, et ont pr\u00e9vu d\u2019aller cette fois \u00e0 la rencontre des passagers pour les sensibiliser \u00e0 leur lutte. D\u2019autres dates d\u2019action sont programm\u00e9es, notamment pour le 14 juin, avec cette fois l\u2019entr\u00e9e dans le mouvement de tous les centres de Province.<\/p>\n<p><strong>DIRECCTE, MAIS PAS NOMADE\u00a0:<\/strong> 38, rue de la R\u00e9publique \u2013 L\u2019Inspection du Travail refuse sa d\u00e9localisation vers Bobigny. Lundi 6 juin, la CGT demande \u00e0 \u00eatre re\u00e7ue \u00e0 12h30 par le Directeur D\u00e9partemental, auquel seront remises les premi\u00e8res centaines de p\u00e9titions d\u2019usagers. Non seulement les locaux de Bobigny ne peuvent contenir tous les fonctionnaires, mais pour les contr\u00f4les, le temps perdu dans les transports se traduira par une diminution du temps consacr\u00e9 aux usagers.<\/p>\n<p><strong>GARE AUX SANS GARE\u00a0! :<\/strong> 14, Boulevard Rouget de l\u2019Isle \u2013 La SNCF annonce pour octobre prochain, la fermeture de sa boutique en centre-ville. L\u2019an pass\u00e9, c\u2019est la boutique Air-France qui avait \u00e9t\u00e9 supprim\u00e9e, rue de Paris. Les cheminots CGT d\u00e9noncent cette politique de d\u00e9sertification qui frappe aujourd\u2019hui Montreuil, seule ville de plus de 100\u00a0000 habitants \u00e0 ne pas disposer de gare SNCF.<\/p>\n<p><strong>250\u00a0000 EUROS A N\u00c9GOCIER :<\/strong> 274, rue de Rosny \u2013 C\u2019est le montant r\u00e9clam\u00e9 par les 50 salari\u00e9s de LP ART devant le Conseil de Prudhommes, au titre de la r\u00e9mun\u00e9ration du temps d\u2019habillage et de d\u00e9shabillage\u2026 La Direction, soudain \u00e9prise dialogue, vient de proposer \u00e0 notre camarades Karim BENDAR, d\u00e9l\u00e9gu\u00e9 syndical CGT, une n\u00e9gociation pour solder la contrepartie financi\u00e8re\u2026 mais en recalculant les minutes pass\u00e9es dans les vestiaires. Gare aux tenues d\u2019\u00e9t\u00e9 trop l\u00e9g\u00e8res\u00a0!<\/p>\n<p><strong>MAUVAIS PLAN AUX BONS PLANTS\u00a0:<\/strong> 19, rue des Bons Plants \u2013 Le Foyer APAJH renouvelait le 26 mai dernier ses d\u00e9l\u00e9gu\u00e9es du personnel. Si notre camarade Daouia AZIB a \u00e9t\u00e9 r\u00e9\u00e9lue (et re-d\u00e9sign\u00e9e comme d\u00e9l\u00e9gu\u00e9e syndicale CGT), le vote pour les suppl\u00e9ants a \u00e9t\u00e9 entach\u00e9 de nombreuses irr\u00e9gularit\u00e9s. Le Tribunal d\u2019Instance est donc saisi pour annulation de cet \u00e9trange d\u00e9pouillement.<\/p>\n","protected":false},"excerpt":{"rendered":"<p>Les br\u00e8ves de l\u2019UL CGT de Montreuil, 24, rue de Paris \u00a0\u00a0 Je, Tu, UL\u2026\u00a0 D\u00e9but juin 2011\u00a0 N\u00b0 69 \u00ab\u00a0D\u2019Ath\u00e8nes \u00e0 Madrid, indign\u00e9 ou indigne\u00a0: il faut choisir sa place\u00a0!\u00bb AIR-FRANCE\u00a0: ATTACHEZ VOS CEINTURES\u00a0!: 30, avenue L\u00e9on Gaumont \u2013 Malgr\u00e9 le succ\u00e8s de la gr\u00e8ve du 12 mai qui a mobilis\u00e9 une centaine de &hellip; <\/p>\n","protected":false},"author":1,"featured_media":0,"comment_status":"closed","ping_status":"open","sticky":false,"template":"","format":"standard","meta":{"footnotes":""},"categories":[2],"tags":[],"class_list":{"0":"entry","1":"post","2":"publish","3":"author-ulmontreuil","4":"post-588","6":"format-standard","7":"category-je-tu-ul"},"_links":{"self":[{"href":"https:\/\/www.lacgtmontreuil.fr\/index.php?rest_route=\/wp\/v2\/posts\/588","targetHints":{"allow":["GET"]}}],"collection":[{"href":"https:\/\/www.lacgtmontreuil.fr\/index.php?rest_route=\/wp\/v2\/posts"}],"about":[{"href":"https:\/\/www.lacgtmontreuil.fr\/index.php?rest_route=\/wp\/v2\/types\/post"}],"author":[{"embeddable":true,"href":"https:\/\/www.lacgtmontreuil.fr\/index.php?rest_route=\/wp\/v2\/users\/1"}],"replies":[{"embeddable":true,"href":"https:\/\/www.lacgtmontreuil.fr\/index.php?rest_route=%2Fwp%2Fv2%2Fcomments&post=588"}],"version-history":[{"count":1,"href":"https:\/\/www.lacgtmontreuil.fr\/index.php?rest_route=\/wp\/v2\/posts\/588\/revisions"}],"predecessor-version":[{"id":590,"href":"https:\/\/www.lacgtmontreuil.fr\/index.php?rest_route=\/wp\/v2\/posts\/588\/revisions\/590"}],"wp:attachment":[{"href":"https:\/\/www.lacgtmontreuil.fr\/index.php?rest_route=%2Fwp%2Fv2%2Fmedia&parent=588"}],"wp:term":[{"taxonomy":"category","embeddable":true,"href":"https:\/\/www.lacgtmontreuil.fr\/index.php?rest_route=%2Fwp%2Fv2%2Fcategories&post=588"},{"taxonomy":"post_tag","embeddable":true,"href":"https:\/\/www.lacgtmontreuil.fr\/index.php?rest_route=%2Fwp%2Fv2%2Ftags&post=588"}],"curies":[{"name":"wp","href":"https:\/\/api.w.org\/{rel}","templated":true}]}}