{"id":571,"date":"2018-02-07T18:32:25","date_gmt":"2018-02-07T17:32:25","guid":{"rendered":"http:\/\/www.lacgtmontreuil.fr\/?p=571"},"modified":"2018-02-07T18:32:25","modified_gmt":"2018-02-07T17:32:25","slug":"je-tu-ul-mi-avril-2011-n-64","status":"publish","type":"post","link":"https:\/\/www.lacgtmontreuil.fr\/?p=571","title":{"rendered":"Je, Tu, UL\u2026  Mi Avril 2011  N\u00b0 64"},"content":{"rendered":"<p><strong> Les br\u00e8ves de l\u2019UL CGT de Montreuil, 24, rue de Paris<\/strong><\/p>\n<p><img loading=\"lazy\" decoding=\"async\" width=\"109\" height=\"155\" class=\"wp-image-572\" src=\"https:\/\/www.lacgtmontreuil.fr\/wp-content\/uploads\/2018\/02\/logo_cgt-22.jpeg\" alt=\"logo_cgt\" \/>\u00a0\u00a0\u00a0 <strong>Je, Tu, UL\u2026\u00a0 Mi Avril 2011\u00a0 N\u00b0 64<\/strong><\/p>\n<p><em>\u00ab\u00a0N\u00e9gociations UNEDIC, Non \u00e0 l\u2019ANI 2011\u00a0: <\/em><em>20 millions pour les ch\u00f4meurs, 2 milliards pour les employeurs\u00a0\u00bb<\/em><\/p>\n<p><strong>LA VENTE AIR FRANCE EN VENTE:<\/strong> 30, avenue L\u00e9on Gaumont \u2013 AIR-FRANCE, \u00e0 la veille d\u2019annoncer un b\u00e9n\u00e9fice net quasi historique de 1 milliard d\u2019euros, envisage de sous-traiter une partie de la Vente \u00e0 Distance, de l\u2019Assistance Internet et du Service Client. Seul hic \u00e0 Montreuil\u00a0: sur les 400 agents concern\u00e9s, rares sont ceux qui envisagent d\u2019accepter des mutations g\u00e9ographiques impos\u00e9es, une filialisation ou une rupture conventionnelle. Le plan social aurait-il d\u00e9j\u00e0 du plomb dans l\u2019aile\u2026 avant m\u00eame son envol\u00a0?<\/p>\n<p><strong>EVOLUDIA EN R\u00c9VOLTE\u00a0:<\/strong> 52, rue Voltaire \u2013 Les grilles de l\u2019Institut d\u2019Education Motrice EVOLUDIA \u00e9taient drap\u00e9es de rouge ce jeudi 7 avril. \u00ab\u00a0Nous voulons la reconnaissance de nos dipl\u00f4mes, de l\u2019utilit\u00e9 de nos m\u00e9tiers, de leur p\u00e9nibilit\u00e9 et donc de vrais salaires\u00a0\u00bb pouvait-on lire sur la banderole initi\u00e9e par la CGT et r\u00e9alis\u00e9e par toutes et tous. Selon nos sources, cette alchimie de revendications qualitatives et quantitatives devrait bient\u00f4t donner naissance \u00e0 une toute jeune section CGT.<\/p>\n<p><strong>DU NOUVEAU AUX ROBINSONS\u00a0:<\/strong> 49, rue Raspail \u2013 Aux Nouveaux Robinsons, le 7 avril \u00e9tait le jour du deuxi\u00e8me premier tour, pour les \u00e9lections professionnelles suite au sabotage du 1<sup>er<\/sup> par la direction. Avec 60 voix (100% des exprim\u00e9s) pour les listes CGT au C.E., il n\u2019aura manqu\u00e9 qu\u2019une poign\u00e9e de voix pour une \u00e9lection d\u00e8s ce premier tour. Un beau d\u00e9saveu pour le patron qui avait adress\u00e9 un tract \u00e0 tout le personnel pour d\u00e9noncer les propositions de la CGT\u00a0!<\/p>\n<p><strong>\u00c9T\u00c9 SANS CAF\u00c9 A LA CGT\u00a0? :<\/strong> 263, rue de Paris \u2013 Le personnel d\u2019AVENANCE qui fait fonctionner le restaurant et la caf\u00e9t\u00e9ria au si\u00e8ge de la CGT, s\u2019inqui\u00e8te pour ses cong\u00e9s d\u2019\u00e9t\u00e9. En cause, une d\u00e9cision brutale de fermer le service du 14 juillet au 15 ao\u00fbt, notamment le bar. Notre camarade Victor MEDOKPO organise bien s\u00fbr la r\u00e9sistance pour la CGT AVENANCE, avec une p\u00e9tition \u2026 en guise de hors d\u2019\u0153uvre\u00a0!<\/p>\n<p><strong>CARREFOUR S\u2019ENTETE\u00a0:<\/strong> 280, rue de Paris \u2013 Le Carrefour de la Grande Porte prolonge la non n\u00e9gociation des salaires par la gr\u00e8ve, samedi 9 avril. Si CGT, CFDT et FO ont ensemble refus\u00e9 les miettes propos\u00e9es par la direction du groupe pour 2011, \u00e0 Montreuil, h\u00e9las, la CGT sera seule \u00e0 appeler \u00e0 la gr\u00e8ve pour la remise \u00e0 niveau des salaires.<\/p>\n","protected":false},"excerpt":{"rendered":"<p>Les br\u00e8ves de l\u2019UL CGT de Montreuil, 24, rue de Paris \u00a0\u00a0\u00a0 Je, Tu, UL\u2026\u00a0 Mi Avril 2011\u00a0 N\u00b0 64 \u00ab\u00a0N\u00e9gociations UNEDIC, Non \u00e0 l\u2019ANI 2011\u00a0: 20 millions pour les ch\u00f4meurs, 2 milliards pour les employeurs\u00a0\u00bb LA VENTE AIR FRANCE EN VENTE: 30, avenue L\u00e9on Gaumont \u2013 AIR-FRANCE, \u00e0 la veille d\u2019annoncer un b\u00e9n\u00e9fice net &hellip; <\/p>\n","protected":false},"author":1,"featured_media":0,"comment_status":"closed","ping_status":"open","sticky":false,"template":"","format":"standard","meta":{"footnotes":""},"categories":[2],"tags":[],"class_list":{"0":"entry","1":"post","2":"publish","3":"author-ulmontreuil","4":"post-571","6":"format-standard","7":"category-je-tu-ul"},"_links":{"self":[{"href":"https:\/\/www.lacgtmontreuil.fr\/index.php?rest_route=\/wp\/v2\/posts\/571","targetHints":{"allow":["GET"]}}],"collection":[{"href":"https:\/\/www.lacgtmontreuil.fr\/index.php?rest_route=\/wp\/v2\/posts"}],"about":[{"href":"https:\/\/www.lacgtmontreuil.fr\/index.php?rest_route=\/wp\/v2\/types\/post"}],"author":[{"embeddable":true,"href":"https:\/\/www.lacgtmontreuil.fr\/index.php?rest_route=\/wp\/v2\/users\/1"}],"replies":[{"embeddable":true,"href":"https:\/\/www.lacgtmontreuil.fr\/index.php?rest_route=%2Fwp%2Fv2%2Fcomments&post=571"}],"version-history":[{"count":1,"href":"https:\/\/www.lacgtmontreuil.fr\/index.php?rest_route=\/wp\/v2\/posts\/571\/revisions"}],"predecessor-version":[{"id":573,"href":"https:\/\/www.lacgtmontreuil.fr\/index.php?rest_route=\/wp\/v2\/posts\/571\/revisions\/573"}],"wp:attachment":[{"href":"https:\/\/www.lacgtmontreuil.fr\/index.php?rest_route=%2Fwp%2Fv2%2Fmedia&parent=571"}],"wp:term":[{"taxonomy":"category","embeddable":true,"href":"https:\/\/www.lacgtmontreuil.fr\/index.php?rest_route=%2Fwp%2Fv2%2Fcategories&post=571"},{"taxonomy":"post_tag","embeddable":true,"href":"https:\/\/www.lacgtmontreuil.fr\/index.php?rest_route=%2Fwp%2Fv2%2Ftags&post=571"}],"curies":[{"name":"wp","href":"https:\/\/api.w.org\/{rel}","templated":true}]}}