{"id":568,"date":"2018-02-07T18:30:18","date_gmt":"2018-02-07T17:30:18","guid":{"rendered":"http:\/\/www.lacgtmontreuil.fr\/?p=568"},"modified":"2018-02-07T18:30:18","modified_gmt":"2018-02-07T17:30:18","slug":"je-tu-ul-debut-avril-2011-n-63","status":"publish","type":"post","link":"https:\/\/www.lacgtmontreuil.fr\/?p=568","title":{"rendered":"Je, Tu, UL\u2026  D\u00e9but Avril 2011  N\u00b0 63"},"content":{"rendered":"<p><strong> Les br\u00e8ves de l\u2019UL CGT de Montreuil, 24, rue de Paris<\/strong><\/p>\n<p><img loading=\"lazy\" decoding=\"async\" class=\"wp-image-569\" src=\"https:\/\/www.lacgtmontreuil.fr\/wp-content\/uploads\/2018\/02\/logo_cgt-21.jpeg\" alt=\"logo_cgt\" width=\"102\" height=\"145\" \/><strong>\u00a0\u00a0 Je, Tu, UL\u2026\u00a0 D\u00e9but Avril 2011\u00a0 N\u00b0 63<\/strong><\/p>\n<p><em>\u00ab\u00a0Aube de l\u2019Odyss\u00e9e\u00a0: l\u2019alibi du brigandage\u00a0\u00bb<\/em><\/p>\n<p><strong>LE MAINTIEN MAINTIENT\u2026 SES REVENDICATIONS\u00a0:<\/strong> 3, rue de Rosny \u2013 Le service municipal du maintien \u00e0 domicile \u00e9tait en gr\u00e8ve le 23 mars dernier. Une soixantaine de salari\u00e9es s\u2019est rendue en d\u00e9l\u00e9gation pour \u00eatre re\u00e7ue sur leur cahier de revendications en Mairie. Le nouvel organigramme combattu par la CGT aboutirait au transfert vers le priv\u00e9 d\u2019une partie significative de cette activit\u00e9 destin\u00e9e aux personnes \u00e2g\u00e9es en particulier.<\/p>\n<p><strong>MASQUES \u00c1 OXYG\u00c8NE\u00a0:<\/strong> 63 bis, rue Ernest Savart \u2013 Les gr\u00e9vistes d\u2019OXYG\u00c8NE 93 ont gagn\u00e9 un premier point\u00a0: la direction consent enfin \u00e0 organiser en avril les \u00e9lections DP. Mais dans le m\u00eame temps, elle \u00e9crit \u00e0 chaque salari\u00e9e que \u00ab\u00a0<em>toute gr\u00e8ve\u2026 sera d\u00e9sormais consid\u00e9r\u00e9e comme une faute professionnelle assimilable \u00e0 un abandon de poste\u00a0\u00bb\u00a0<\/em>; et dans \u00ab\u00a0Tous Montreuil\u00a0\u00bb que \u00ab\u00a0<em>ces filles <\/em>(sic) <em>ont frapp\u00e9 \u00e0 la porte de la CGT qui s\u2019est servie de leur na\u00efvet\u00e9 pour se faire de la <\/em>publicit\u00e9\u00a0\u00bb. Nouvelle version du pan-pan cul-cul\u00a0?<\/p>\n<p><strong>ALERTE \u00c1 LA CNL\u00a0:<\/strong> 8, rue M\u00e9riel \u2013 La maltraitance du personnel employ\u00e9 par l\u2019association commence \u00e0 faire des vagues. Suite \u00e0 plusieurs interventions de la M\u00e9decine du Travail, notre camarade Patricia SAVONNEAU au nom de la section CGT a fait usage du droit d\u2019alerte pr\u00e9vu par l\u2019article L.2313-2 du Code du Travail sur les atteintes aux droits de ses coll\u00e8gues (et des siens\u00a0!) et \u00e0 leur sant\u00e9 psychique. Le Pr\u00e9sident annonce une enqu\u00eate\u2026 apr\u00e8s deux m\u00e9diations infructueuses.<\/p>\n<p><strong>\u00c9CHALI\u00c9 ECHOUE AU TRIBUNAL :<\/strong> 70-74, rue des Roches \u2013 Les proc\u00e9dures s\u2019accumulent autour d\u2019Echali\u00e9, l\u00e2ch\u00e9 par les banques grecques. L\u2019entreprise est convoqu\u00e9e pour non-paiement des salaires le 11 avril au Tribunal de Commerce, et le 27 mai devant le Conseil de Prud\u2019hommes o\u00f9 25 salari\u00e9s l\u2019ont assign\u00e9e.<\/p>\n<p><strong>LA CGT N\u2019EST PAS IN-CULTE\u00a0:<\/strong> 9, rue de Rosny \u2013 La CAVIMAC, Caisse de S\u00e9curit\u00e9 Sociale des agents du culte, s\u2019installe \u00e0 Montreuil avec ses 104 salari\u00e9s d\u00e9localis\u00e9s de Levallois. Une re-localisation bienvenue avec nos 2 camarades Marie-Edouard DENIS d\u00e9l\u00e9gu\u00e9e syndicale CGT et Denise KASSA MAPSI, secr\u00e9taire du CE, CGT elle aussi. Vous l\u2019aviez devin\u00e9\u00a0?<\/p>\n","protected":false},"excerpt":{"rendered":"<p>Les br\u00e8ves de l\u2019UL CGT de Montreuil, 24, rue de Paris \u00a0\u00a0 Je, Tu, UL\u2026\u00a0 D\u00e9but Avril 2011\u00a0 N\u00b0 63 \u00ab\u00a0Aube de l\u2019Odyss\u00e9e\u00a0: l\u2019alibi du brigandage\u00a0\u00bb LE MAINTIEN MAINTIENT\u2026 SES REVENDICATIONS\u00a0: 3, rue de Rosny \u2013 Le service municipal du maintien \u00e0 domicile \u00e9tait en gr\u00e8ve le 23 mars dernier. Une soixantaine de salari\u00e9es s\u2019est &hellip; <\/p>\n","protected":false},"author":1,"featured_media":0,"comment_status":"closed","ping_status":"open","sticky":false,"template":"","format":"standard","meta":{"footnotes":""},"categories":[2],"tags":[],"class_list":{"0":"entry","1":"post","2":"publish","3":"author-ulmontreuil","4":"post-568","6":"format-standard","7":"category-je-tu-ul"},"_links":{"self":[{"href":"https:\/\/www.lacgtmontreuil.fr\/index.php?rest_route=\/wp\/v2\/posts\/568","targetHints":{"allow":["GET"]}}],"collection":[{"href":"https:\/\/www.lacgtmontreuil.fr\/index.php?rest_route=\/wp\/v2\/posts"}],"about":[{"href":"https:\/\/www.lacgtmontreuil.fr\/index.php?rest_route=\/wp\/v2\/types\/post"}],"author":[{"embeddable":true,"href":"https:\/\/www.lacgtmontreuil.fr\/index.php?rest_route=\/wp\/v2\/users\/1"}],"replies":[{"embeddable":true,"href":"https:\/\/www.lacgtmontreuil.fr\/index.php?rest_route=%2Fwp%2Fv2%2Fcomments&post=568"}],"version-history":[{"count":1,"href":"https:\/\/www.lacgtmontreuil.fr\/index.php?rest_route=\/wp\/v2\/posts\/568\/revisions"}],"predecessor-version":[{"id":570,"href":"https:\/\/www.lacgtmontreuil.fr\/index.php?rest_route=\/wp\/v2\/posts\/568\/revisions\/570"}],"wp:attachment":[{"href":"https:\/\/www.lacgtmontreuil.fr\/index.php?rest_route=%2Fwp%2Fv2%2Fmedia&parent=568"}],"wp:term":[{"taxonomy":"category","embeddable":true,"href":"https:\/\/www.lacgtmontreuil.fr\/index.php?rest_route=%2Fwp%2Fv2%2Fcategories&post=568"},{"taxonomy":"post_tag","embeddable":true,"href":"https:\/\/www.lacgtmontreuil.fr\/index.php?rest_route=%2Fwp%2Fv2%2Ftags&post=568"}],"curies":[{"name":"wp","href":"https:\/\/api.w.org\/{rel}","templated":true}]}}