{"id":565,"date":"2018-02-07T18:27:27","date_gmt":"2018-02-07T17:27:27","guid":{"rendered":"http:\/\/www.lacgtmontreuil.fr\/?p=565"},"modified":"2018-04-15T10:55:45","modified_gmt":"2018-04-15T08:55:45","slug":"je-tu-ul-fin-mars-2011-n-62","status":"publish","type":"post","link":"https:\/\/www.lacgtmontreuil.fr\/?p=565","title":{"rendered":"Je, Tu, UL\u2026  Fin Mars 2011  N\u00b0 62"},"content":{"rendered":"<p><strong> Les br\u00e8ves de l\u2019UL CGT de Montreuil, 24, rue de Paris<\/strong><\/p>\n<p><img loading=\"lazy\" decoding=\"async\" width=\"109\" height=\"155\" class=\"wp-image-566\" src=\"https:\/\/www.lacgtmontreuil.fr\/wp-content\/uploads\/2018\/02\/logo_cgt-20.jpeg\" alt=\"logo_cgt\" \/>\u00a0\u00a0 <strong>Je, Tu, UL\u2026\u00a0 Fin Mars 2011\u00a0 N\u00b0 62<\/strong><\/p>\n<p><em>\u00ab\u00a0Pas 1 salari\u00e9 sans droit, dans les entreprises\u00a0\u00bb<\/em><\/p>\n<p><strong>LE TAPIN DU F.N.\u00a0? PAS SUR LES TROTTOIRS DE MONTREUIL\u00a0:<\/strong> 263, rue de Paris \u2013 C\u2019est devant le si\u00e8ge de la CGT que le Front National annonce pour lundi 28 mars une conf\u00e9rence de presse dans le but d\u2019en instrumenter l\u2019image. Pour d\u00e9noncer cette arnaque et emp\u00eacher cette provocation, l\u2019UL-CGT invite tous les syndiqu\u00e9s disponibles lundi \u00e0 13h00 \u00e0 se rassembler devant la Conf\u00e9d\u00e9ration pacifiquement.<\/p>\n<p><strong>POSITIVEMENT R\u00c9CIDIVISTE\u00a0:<\/strong> 280, rue de Paris \u2013 Carrefour qui entend d\u00e9duire du SMIC les temps de pause, vient pour cela d\u2019\u00eatre condamn\u00e9. Mais \u00e7a ne leur suffit pas\u00a0! Carrefour bloque aujourd\u2019hui la NAO avec un rattrapage de 1% sur mars 2011 et 1% en octobre\u00a0: jugeant qu\u2019il s\u2019agit d\u2019un simulacre de n\u00e9gociation, la CGT s\u2019est retir\u00e9e de cette pantalonnade. Sinon, que deviendra le \u00ab\u00a0panier de la m\u00e9nag\u00e8re\u00a0\u00bb que Carrefour pr\u00e9tend d\u00e9fendre\u00a0?<\/p>\n<p><strong>LES D.S. DE L\u2019OFFICE:<\/strong> 17, rue Moli\u00e8re \u2013 Apr\u00e8s le succ\u00e8s \u00e0 l\u2019OPHM des listes CGT, le syndicat avait l\u2019obligation de d\u00e9signer ses d\u00e9l\u00e9gu\u00e9es syndicales. C\u2019est chose faite avec 2 D.S. CGT, nos camarades Dominique BEAUNIER et V\u00e9ronique LEONARD, qui d\u00e8s cette semaine rencontreront les syndicats CFDT et SUD pour rechercher les possibilit\u00e9s de les associer \u00e0 la gestion du C.E.<\/p>\n<p><strong>CHANGEMENT DE CAP\u00a0:<\/strong> 24, boulevard Paul-Vaillant-Couturier \u2013 Les travailleurs sociaux de l\u2019association Rues et Cit\u00e9s s\u2019inqui\u00e8tent pour l\u2019avenir de leur institution et ne se reconnaissent plus dans une partie des \u00e9lus du personnel. Ils sont 9 cette semaine \u00e0 avoir adh\u00e9r\u00e9 \u00e0 la CGT ou \u00e0 quitter SUD pour ne pas perdre le nord\u2026 La section syndicale CGT ne devrait pas tarder \u00e0 se constituer.<\/p>\n<p><strong>JE, TU, ILUX\u00a0:<\/strong> 34, rue Gaston Lauriau \u2013 ILUX renouvelle ses d\u00e9l\u00e9gu\u00e9s du personnel. Quoiqu\u2019en dessous du seuil de 11 salari\u00e9s, cette PME du b\u00e2timent a choisi de maintenir ses institutions repr\u00e9sentatives. C\u2019est notre camarade Abdeldjebar ATMANI qui portera les couleurs de la CGT \u00e0 ces \u00e9lections.<\/p>\n","protected":false},"excerpt":{"rendered":"<p>Les br\u00e8ves de l\u2019UL CGT de Montreuil, 24, rue de Paris \u00a0\u00a0 Je, Tu, UL\u2026\u00a0 Fin Mars 2011\u00a0 N\u00b0 62 \u00ab\u00a0Pas 1 salari\u00e9 sans droit, dans les entreprises\u00a0\u00bb LE TAPIN DU F.N.\u00a0? PAS SUR LES TROTTOIRS DE MONTREUIL\u00a0: 263, rue de Paris \u2013 C\u2019est devant le si\u00e8ge de la CGT que le Front National annonce &hellip; <\/p>\n","protected":false},"author":1,"featured_media":0,"comment_status":"closed","ping_status":"open","sticky":false,"template":"","format":"standard","meta":{"footnotes":""},"categories":[2],"tags":[],"class_list":{"0":"entry","1":"post","2":"publish","3":"author-ulmontreuil","4":"post-565","6":"format-standard","7":"category-je-tu-ul"},"_links":{"self":[{"href":"https:\/\/www.lacgtmontreuil.fr\/index.php?rest_route=\/wp\/v2\/posts\/565","targetHints":{"allow":["GET"]}}],"collection":[{"href":"https:\/\/www.lacgtmontreuil.fr\/index.php?rest_route=\/wp\/v2\/posts"}],"about":[{"href":"https:\/\/www.lacgtmontreuil.fr\/index.php?rest_route=\/wp\/v2\/types\/post"}],"author":[{"embeddable":true,"href":"https:\/\/www.lacgtmontreuil.fr\/index.php?rest_route=\/wp\/v2\/users\/1"}],"replies":[{"embeddable":true,"href":"https:\/\/www.lacgtmontreuil.fr\/index.php?rest_route=%2Fwp%2Fv2%2Fcomments&post=565"}],"version-history":[{"count":1,"href":"https:\/\/www.lacgtmontreuil.fr\/index.php?rest_route=\/wp\/v2\/posts\/565\/revisions"}],"predecessor-version":[{"id":567,"href":"https:\/\/www.lacgtmontreuil.fr\/index.php?rest_route=\/wp\/v2\/posts\/565\/revisions\/567"}],"wp:attachment":[{"href":"https:\/\/www.lacgtmontreuil.fr\/index.php?rest_route=%2Fwp%2Fv2%2Fmedia&parent=565"}],"wp:term":[{"taxonomy":"category","embeddable":true,"href":"https:\/\/www.lacgtmontreuil.fr\/index.php?rest_route=%2Fwp%2Fv2%2Fcategories&post=565"},{"taxonomy":"post_tag","embeddable":true,"href":"https:\/\/www.lacgtmontreuil.fr\/index.php?rest_route=%2Fwp%2Fv2%2Ftags&post=565"}],"curies":[{"name":"wp","href":"https:\/\/api.w.org\/{rel}","templated":true}]}}