{"id":562,"date":"2018-02-07T18:25:32","date_gmt":"2018-02-07T17:25:32","guid":{"rendered":"http:\/\/www.lacgtmontreuil.fr\/?p=562"},"modified":"2018-02-07T18:25:32","modified_gmt":"2018-02-07T17:25:32","slug":"je-tu-ul-fin-mars-2011-n-61","status":"publish","type":"post","link":"https:\/\/www.lacgtmontreuil.fr\/?p=562","title":{"rendered":"Je, Tu, UL\u2026  Fin Mars 2011  N\u00b0 61"},"content":{"rendered":"<p><strong> Les br\u00e8ves de l\u2019UL CGT de Montreuil, 24, rue de Paris<\/strong><\/p>\n<p><img loading=\"lazy\" decoding=\"async\" width=\"109\" height=\"155\" class=\"wp-image-563\" src=\"https:\/\/www.lacgtmontreuil.fr\/wp-content\/uploads\/2018\/02\/logo_cgt-19.jpeg\" alt=\"logo_cgt\" \/>\u00a0\u00a0 <strong>Je, Tu, UL\u2026\u00a0 Fin Mars 2011\u00a0 N\u00b0 61<\/strong><\/p>\n<p><em>\u00ab\u00a0Dimanche 20 mars\u00a0: cantons sous la pluie\u2026\u00a0\u00bb<\/em><\/p>\n<p><strong>COLL\u00c8GE EN COL\u00c8RE\u00a0:<\/strong> 87, rue Lenain de Tillemont \u2013 Les enseignants du coll\u00e8ge \u00e9ponyme exigent qu\u2019un terme soit mis \u00e0 la succession des agressions au sein de l\u2019\u00e9tablissement. Les 15 et 16 mars, \u00e0 l\u2019unanimit\u00e9, ils ont d\u00e9cid\u00e9 d\u2019exercer leur droit de retrait d\u2019une situation dangereuse, jusqu\u2019\u00e0 ce que l\u2019Inspection d\u2019Acad\u00e9mie s\u2019en \u00e9meuve et propose des renforts de personnel. Et le 19, ils manifestent \u00e0 Paris contre les suppressions d\u2019emploi massives annonc\u00e9es dans l\u2019Eduction Nationale.<\/p>\n<p><strong>CARTON \u00c1 L\u2019URSSAF\u00a0:<\/strong> 22-24, rue de Lagny \u2013 D\u00e9j\u00e0 ultra-majoritaire, la CGT progresse de 4% et gagne un si\u00e8ge suppl\u00e9mentaire aux \u00e9lections professionnelles CE-DP du 17 mars \u00e0 l\u2019URSSAF. Pourtant, les coups bas n\u2019ont pas manqu\u00e9 contre la CGT, accus\u00e9e par des centaines de courriels anonymes de d\u00e9tournements et de magouilles\u00a0: une plainte au p\u00e9nal a du \u00eatre d\u00e9pos\u00e9e par les \u00e9lus pour identifier\u00a0les corbeaux.<\/p>\n<p><strong>L\u2019OPH\u2026M LA CGT\u00a0:<\/strong> 17, rue Moli\u00e8re \u2013 Succ\u00e8s aussi \u00e0 l\u2019OPHM pour les listes de la CGT en concurrence avec 3 autres syndicats. La CGT confirme sa premi\u00e8re place devant Solidaires et la CFDT. La CFTC et FO perdent leur repr\u00e9sentativit\u00e9 ce 17 mars\u2026 officiellement.<\/p>\n<p><strong>L\u2019EMPLOI \u00c1 L\u2019AMANDE :<\/strong> 70-74, rue des Roches \u2013 ECHALIE dont le c\u0153ur de m\u00e9tier \u00e9tait l\u2019amande grecque, n\u2019en finit plus de subir les contrecoups du \u00ab\u00a0sauvetage\u00a0\u00bb de l\u2019euro en Gr\u00e8ce. Apr\u00e8s un premier plan de \u00ab\u00a0sauvegarde\u00a0\u00bb de l\u2019emploi en d\u00e9but d\u2019ann\u00e9e (15 licenciements), les salaires du personnel sont aujourd\u2019hui bloqu\u00e9s par les banques. Notre camarade Nadia LECOURSONNAIS saisit donc le Tribunal de Commerce et le Conseil de Prud\u2019hommes, au nom de la section CGT.<\/p>\n<p><strong>UNE SOUFFLANTE POUR AERGO\u00a0:<\/strong> 15, rue de l\u2019Acacia \u2013 Le patron d\u2019AERGO (PME de ventilation) croyait pouvoir impun\u00e9ment se d\u00e9barrasser des syndiqu\u00e9s CGT, en licenciant pour un oui ou pour un non. Notre camarade Patrick GANGLOFF vient de le faire condamner \u00e0 9\u00a0800\u20ac d\u2019indemnisation pour son pr\u00e9judice, devant le Conseil de Prud\u2019hommes de Bobigny.<\/p>\n<p><strong>CONSTRUCTION DANS LA D\u00c9MOLITION:<\/strong> 254, Boulevard de la Boissi\u00e8re \u2013 Il devrait \u00eatre rem\u00e9di\u00e9 rapidement \u00e0 la carence de d\u00e9l\u00e9gu\u00e9s du personnel chez La D\u00e9molition Technique (LDT). Slim HAZZOUK, au nom de la section syndicale CGT en formation, vient de r\u00e9clamer la convocation des \u00e9lections dans cette entreprise qui continue \u00e0 stocker une benne d\u2019amiante dans sa cour, malgr\u00e9 les protestations du personnel.<\/p>\n","protected":false},"excerpt":{"rendered":"<p>Les br\u00e8ves de l\u2019UL CGT de Montreuil, 24, rue de Paris \u00a0\u00a0 Je, Tu, UL\u2026\u00a0 Fin Mars 2011\u00a0 N\u00b0 61 \u00ab\u00a0Dimanche 20 mars\u00a0: cantons sous la pluie\u2026\u00a0\u00bb COLL\u00c8GE EN COL\u00c8RE\u00a0: 87, rue Lenain de Tillemont \u2013 Les enseignants du coll\u00e8ge \u00e9ponyme exigent qu\u2019un terme soit mis \u00e0 la succession des agressions au sein de l\u2019\u00e9tablissement. &hellip; <\/p>\n","protected":false},"author":1,"featured_media":0,"comment_status":"closed","ping_status":"open","sticky":false,"template":"","format":"standard","meta":{"footnotes":""},"categories":[2],"tags":[],"class_list":{"0":"entry","1":"post","2":"publish","3":"author-ulmontreuil","4":"post-562","6":"format-standard","7":"category-je-tu-ul"},"_links":{"self":[{"href":"https:\/\/www.lacgtmontreuil.fr\/index.php?rest_route=\/wp\/v2\/posts\/562","targetHints":{"allow":["GET"]}}],"collection":[{"href":"https:\/\/www.lacgtmontreuil.fr\/index.php?rest_route=\/wp\/v2\/posts"}],"about":[{"href":"https:\/\/www.lacgtmontreuil.fr\/index.php?rest_route=\/wp\/v2\/types\/post"}],"author":[{"embeddable":true,"href":"https:\/\/www.lacgtmontreuil.fr\/index.php?rest_route=\/wp\/v2\/users\/1"}],"replies":[{"embeddable":true,"href":"https:\/\/www.lacgtmontreuil.fr\/index.php?rest_route=%2Fwp%2Fv2%2Fcomments&post=562"}],"version-history":[{"count":1,"href":"https:\/\/www.lacgtmontreuil.fr\/index.php?rest_route=\/wp\/v2\/posts\/562\/revisions"}],"predecessor-version":[{"id":564,"href":"https:\/\/www.lacgtmontreuil.fr\/index.php?rest_route=\/wp\/v2\/posts\/562\/revisions\/564"}],"wp:attachment":[{"href":"https:\/\/www.lacgtmontreuil.fr\/index.php?rest_route=%2Fwp%2Fv2%2Fmedia&parent=562"}],"wp:term":[{"taxonomy":"category","embeddable":true,"href":"https:\/\/www.lacgtmontreuil.fr\/index.php?rest_route=%2Fwp%2Fv2%2Fcategories&post=562"},{"taxonomy":"post_tag","embeddable":true,"href":"https:\/\/www.lacgtmontreuil.fr\/index.php?rest_route=%2Fwp%2Fv2%2Ftags&post=562"}],"curies":[{"name":"wp","href":"https:\/\/api.w.org\/{rel}","templated":true}]}}