{"id":5609,"date":"2022-02-26T13:34:18","date_gmt":"2022-02-26T12:34:18","guid":{"rendered":"http:\/\/www.lacgtmontreuil.fr\/?p=5609"},"modified":"2022-05-21T13:22:30","modified_gmt":"2022-05-21T11:22:30","slug":"edito-si-tu-veux-la-paix-prepare-la-justice-sociale","status":"publish","type":"post","link":"https:\/\/www.lacgtmontreuil.fr\/?p=5609","title":{"rendered":"Edito &#8211; Si tu veux la paix, pr\u00e9pare la justice sociale"},"content":{"rendered":"<p>Le 23e congr\u00e8s de notre Union Locale s&rsquo;\u00e9tait ouvert sur la citation de Paul Val\u00e9ry :<em> \u00ab\u00a0la guerre ce sont des gens qui ne se connaissent pas et s&rsquo;entretuent pour d&rsquo;autres gens qui se connaissent tr\u00e8s bien et ne parviennent pas \u00e0 se mettre d&rsquo;accord\u00a0\u00bb.<\/em> Paroles proph\u00e9tiques pour l<strong>&lsquo;Ukraine d&rsquo;aujourd&rsquo;hui<\/strong> !<br \/>\nDerri\u00e8re le jeu \u00e9conomique et militaire des puissances, se dissimulent de moins en moins <strong>les int\u00e9r\u00eats des oligarques russes ou ukrainiens<\/strong>, ceux derri\u00e8re Poutine comme ceux autour de Z\u00e9lensky (et ce sont parfois les m\u00eames !) qui se sont partag\u00e9 les d\u00e9pouilles de l&rsquo;\u00eatat sovi\u00e8tique, <strong>confisquant<\/strong> aux peuples l&rsquo;essentiel des<strong> biens publics.<\/strong><\/p>\n<p><strong>\u00a0 PAIX ENTRE NOUS, GUERRE AUX TYRANS<\/strong><\/p>\n<p>Et ce sont ces m\u00eames peuples qui trinquent \u00e0 nouveau, victimes des <strong>crimes de guerre<\/strong> planifi\u00e9s par Poutine ou des <strong>exactions<\/strong> des milices nostalgiques d&rsquo;Hitler et Petlioura !<br \/>\n<strong>Agir pour la paix et le d\u00e9sarmement<\/strong> de tous les protagonistes de ce conflit -au lieu de l&rsquo;attiser comme n&rsquo;a cesser de le faire l&rsquo;OTAN- est une t\u00e2che pour le mouvement syndical en France et en <strong>Europe, Russie comprise<\/strong>.<br \/>\nLa Charte de l&rsquo;OIT le rappelle : c&rsquo;est <strong>la justice sociale<\/strong> qui conjure la r\u00e9currence de ces guerres.<\/p>\n","protected":false},"excerpt":{"rendered":"<p>Le 23e congr\u00e8s de notre Union Locale s&rsquo;\u00e9tait ouvert sur la citation de Paul Val\u00e9ry : \u00ab\u00a0la guerre ce sont des gens qui ne se connaissent pas et s&rsquo;entretuent pour d&rsquo;autres gens qui se connaissent tr\u00e8s bien et ne parviennent pas \u00e0 se mettre d&rsquo;accord\u00a0\u00bb. Paroles proph\u00e9tiques pour l&lsquo;Ukraine d&rsquo;aujourd&rsquo;hui ! Derri\u00e8re le jeu \u00e9conomique &hellip; <\/p>\n","protected":false},"author":6,"featured_media":0,"comment_status":"closed","ping_status":"open","sticky":false,"template":"","format":"standard","meta":{"footnotes":""},"categories":[21],"tags":[],"class_list":{"0":"entry","1":"post","2":"publish","3":"author-richard","4":"post-5609","6":"format-standard","7":"category-editos"},"_links":{"self":[{"href":"https:\/\/www.lacgtmontreuil.fr\/index.php?rest_route=\/wp\/v2\/posts\/5609","targetHints":{"allow":["GET"]}}],"collection":[{"href":"https:\/\/www.lacgtmontreuil.fr\/index.php?rest_route=\/wp\/v2\/posts"}],"about":[{"href":"https:\/\/www.lacgtmontreuil.fr\/index.php?rest_route=\/wp\/v2\/types\/post"}],"author":[{"embeddable":true,"href":"https:\/\/www.lacgtmontreuil.fr\/index.php?rest_route=\/wp\/v2\/users\/6"}],"replies":[{"embeddable":true,"href":"https:\/\/www.lacgtmontreuil.fr\/index.php?rest_route=%2Fwp%2Fv2%2Fcomments&post=5609"}],"version-history":[{"count":2,"href":"https:\/\/www.lacgtmontreuil.fr\/index.php?rest_route=\/wp\/v2\/posts\/5609\/revisions"}],"predecessor-version":[{"id":5651,"href":"https:\/\/www.lacgtmontreuil.fr\/index.php?rest_route=\/wp\/v2\/posts\/5609\/revisions\/5651"}],"wp:attachment":[{"href":"https:\/\/www.lacgtmontreuil.fr\/index.php?rest_route=%2Fwp%2Fv2%2Fmedia&parent=5609"}],"wp:term":[{"taxonomy":"category","embeddable":true,"href":"https:\/\/www.lacgtmontreuil.fr\/index.php?rest_route=%2Fwp%2Fv2%2Fcategories&post=5609"},{"taxonomy":"post_tag","embeddable":true,"href":"https:\/\/www.lacgtmontreuil.fr\/index.php?rest_route=%2Fwp%2Fv2%2Ftags&post=5609"}],"curies":[{"name":"wp","href":"https:\/\/api.w.org\/{rel}","templated":true}]}}