{"id":555,"date":"2018-02-07T18:12:37","date_gmt":"2018-02-07T17:12:37","guid":{"rendered":"http:\/\/www.lacgtmontreuil.fr\/?p=555"},"modified":"2018-02-07T18:12:37","modified_gmt":"2018-02-07T17:12:37","slug":"je-tu-ul-mi-mars-2011-n-60","status":"publish","type":"post","link":"https:\/\/www.lacgtmontreuil.fr\/?p=555","title":{"rendered":"Je, Tu, UL\u2026  Mi-Mars 2011  N\u00b0 60"},"content":{"rendered":"<p><strong> Les br\u00e8ves de l\u2019UL CGT de Montreuil, 24, rue de Paris<\/strong><\/p>\n<p><img loading=\"lazy\" decoding=\"async\" width=\"109\" height=\"155\" class=\"wp-image-556\" src=\"https:\/\/www.lacgtmontreuil.fr\/wp-content\/uploads\/2018\/02\/logo_cgt-17.jpeg\" alt=\"logo_cgt\" \/>\u00a0\u00a0 <strong>Je, Tu, UL\u2026\u00a0 Mi-Mars 2011\u00a0 N\u00b0 60<\/strong><\/p>\n<p><em>\u00ab\u00a0La souffrance, c\u2019est pas du boulot\u00bb<\/em><\/p>\n<p><strong>DECAUX POSE TES V\u00c9LOS, NOUS ON VEUT DES EUROS\u00a0!\u00a0:<\/strong> 16, rue Emile Zola \u2013 Depuis une semaine, les salari\u00e9s de Jean-Claude DECAUX affichent la gr\u00e8ve pour une vraie n\u00e9gociation sur les salaires. Apr\u00e8s un chiffre d\u2019affaires record en 2010 de 2530 millions d\u2019euros, la direction de DECAUX a bloqu\u00e9 la NAO \u00e0 1,4%, plus 0,4% au faci\u00e8s pour les augmentations. D\u2019o\u00f9 le refus unanime des syndicats CGT, CFDT, CFTC, CGC et UNSA, unis sur la revendication de 100\u20ac pour tous et d\u2019un 13<sup>\u00e8me<\/sup> mois.<\/p>\n<p><strong>TOUT VA TR\u00c8S BIEN\u2026 MADAME LA D\u00c9LEGU\u00c9E :<\/strong> 2, rue Armand Carrel \u2013 Le Centre Sant\u00e9 M\u00e9dia inqui\u00e8te ses salari\u00e9s. D\u2019o\u00f9 la question pos\u00e9e officiellement par la d\u00e9l\u00e9gu\u00e9e CGT Sylvie ROULEAU sur l\u2019avenir de l\u2019association, en r\u00e9union DP. R\u00e9ponse de la direction\u00a0: \u00ab\u00a0oui, l\u2019association est en redressement judiciaire depuis le 21 octobre 2010, mais tout va bien, l\u2019avenir n\u2019est pas engag\u00e9\u00a0\u00bb. La prescription de pilules rose doit \u00eatre sa sp\u00e9cialit\u00e9\u00a0!<\/p>\n<p><strong>FONDATION OU VOIE DE GARAGE\u00a0?\u00a0:<\/strong> 70, rue Douy Delcupe \u2013 La FONDATION 93 en charge de l\u2019animation culturelle et scientifique dans le d\u00e9partement, envisage le t\u00e9l\u00e9travail pour se d\u00e9localiser. Probl\u00e8me\u00a0: que faire de la d\u00e9l\u00e9gu\u00e9e CGT, Nacira LIMAMA\u00a0? Faute d\u2019avoir obtenu son d\u00e9part, \u00e0 coup de surcharge de travail et de harc\u00e8lement, les travaux viennent de commencer pour lui am\u00e9nager son garage, en guise d\u2019oubliette et d\u2019ultime domiciliation dans le 93 de la Fondation.<\/p>\n<p><strong>LES AIDES APPELLENT \u00c1 L\u2019AIDE:<\/strong> 3, rue de Rosny \u2013 Le b\u00e2timent Opale abrite le service municipal des aides \u00e0 domicile. Le nouvel organigramme indique clairement que le transfert au secteur associatif (type Oxyg\u00e8ne 93 o\u00f9 la mobilisation se poursuit) est \u00e0 l\u2019ordre du jour. Elles ont donc \u00e9t\u00e9 une cinquantaine, sur 57 aides \u00e0 domicile de la ville, \u00e0 se r\u00e9unir avec le syndicat CGT des Territoriaux pour exiger d\u2019\u00eatre entendues. Affaire \u00e0 suivre\u2026<\/p>\n<p><strong>10 SUR 11\u00a0:<\/strong> 12, rue de Vincennes \u2013 Le personnel de l\u2019Institut National de Formation de la Librairie renouvelait ses DP le 1<sup>er<\/sup> mars dernier. Les listes CGT obtenaient 10 voix sur 11 pour Martine LEGRAND et Val\u00e9rie FABREGAS. Les libraires vont pouvoir l\u2019inscrire au livre des records.<\/p>\n","protected":false},"excerpt":{"rendered":"<p>Les br\u00e8ves de l\u2019UL CGT de Montreuil, 24, rue de Paris \u00a0\u00a0 Je, Tu, UL\u2026\u00a0 Mi-Mars 2011\u00a0 N\u00b0 60 \u00ab\u00a0La souffrance, c\u2019est pas du boulot\u00bb DECAUX POSE TES V\u00c9LOS, NOUS ON VEUT DES EUROS\u00a0!\u00a0: 16, rue Emile Zola \u2013 Depuis une semaine, les salari\u00e9s de Jean-Claude DECAUX affichent la gr\u00e8ve pour une vraie n\u00e9gociation sur &hellip; <\/p>\n","protected":false},"author":1,"featured_media":0,"comment_status":"closed","ping_status":"open","sticky":false,"template":"","format":"standard","meta":{"footnotes":""},"categories":[2],"tags":[],"class_list":{"0":"entry","1":"post","2":"publish","3":"author-ulmontreuil","4":"post-555","6":"format-standard","7":"category-je-tu-ul"},"_links":{"self":[{"href":"https:\/\/www.lacgtmontreuil.fr\/index.php?rest_route=\/wp\/v2\/posts\/555","targetHints":{"allow":["GET"]}}],"collection":[{"href":"https:\/\/www.lacgtmontreuil.fr\/index.php?rest_route=\/wp\/v2\/posts"}],"about":[{"href":"https:\/\/www.lacgtmontreuil.fr\/index.php?rest_route=\/wp\/v2\/types\/post"}],"author":[{"embeddable":true,"href":"https:\/\/www.lacgtmontreuil.fr\/index.php?rest_route=\/wp\/v2\/users\/1"}],"replies":[{"embeddable":true,"href":"https:\/\/www.lacgtmontreuil.fr\/index.php?rest_route=%2Fwp%2Fv2%2Fcomments&post=555"}],"version-history":[{"count":1,"href":"https:\/\/www.lacgtmontreuil.fr\/index.php?rest_route=\/wp\/v2\/posts\/555\/revisions"}],"predecessor-version":[{"id":557,"href":"https:\/\/www.lacgtmontreuil.fr\/index.php?rest_route=\/wp\/v2\/posts\/555\/revisions\/557"}],"wp:attachment":[{"href":"https:\/\/www.lacgtmontreuil.fr\/index.php?rest_route=%2Fwp%2Fv2%2Fmedia&parent=555"}],"wp:term":[{"taxonomy":"category","embeddable":true,"href":"https:\/\/www.lacgtmontreuil.fr\/index.php?rest_route=%2Fwp%2Fv2%2Fcategories&post=555"},{"taxonomy":"post_tag","embeddable":true,"href":"https:\/\/www.lacgtmontreuil.fr\/index.php?rest_route=%2Fwp%2Fv2%2Ftags&post=555"}],"curies":[{"name":"wp","href":"https:\/\/api.w.org\/{rel}","templated":true}]}}