{"id":548,"date":"2018-02-07T18:08:14","date_gmt":"2018-02-07T17:08:14","guid":{"rendered":"http:\/\/www.lacgtmontreuil.fr\/?p=548"},"modified":"2018-02-07T18:08:14","modified_gmt":"2018-02-07T17:08:14","slug":"je-tu-ul-debut-mars-2011-n-59","status":"publish","type":"post","link":"https:\/\/www.lacgtmontreuil.fr\/?p=548","title":{"rendered":"Je, Tu, UL\u2026  D\u00e9but Mars 2011  N\u00b0 59"},"content":{"rendered":"<p><strong> Les br\u00e8ves de l\u2019UL CGT de Montreuil, 24, rue de Paris<\/strong><\/p>\n<p><img loading=\"lazy\" decoding=\"async\" width=\"109\" height=\"155\" class=\"wp-image-549\" src=\"https:\/\/www.lacgtmontreuil.fr\/wp-content\/uploads\/2018\/02\/logo_cgt-15.jpeg\" alt=\"logo_cgt\" \/>\u00a0\u00a0 <strong>Je, Tu, UL\u2026\u00a0 D\u00e9but Mars 2011\u00a0 N\u00b0 59<\/strong><\/p>\n<p><em>\u00ab\u00a0Pas de pause dans le SMIC\u00a0: Carrefour condamn\u00e9 \u00e0 pausitiver\u00a0\u00bb<\/em><\/p>\n<p><strong>OXYG\u00c8NE IRRESPIRABLE\u00a0:<\/strong> 63 bis, rue Ernest Savart \u2013 Les femmes de l\u2019aide \u00e0 la personne pay\u00e9es \u00e0 la t\u00e2che pour la SARL OXYGENE 93 ont inaugur\u00e9 la gr\u00e8ve avec occupation des bureaux le 24 f\u00e9vrier. Pour la premi\u00e8re fois, la direction a du accepter de n\u00e9gocier avec un rendez-vous pour le 8 mars\u2026 Le calendrier fait bien les choses\u00a0! Restera ensuite \u00e0 organiser les \u00e9lections DP r\u00e9clam\u00e9es par Clarisse ESSAME au nom de la section CGT.<\/p>\n<p><strong>FACTEURS DE GR\u00c8VE\u00a0:<\/strong> 44, boulevard Rouget de l\u2019Isle \u2013 La Poste \u00e9tait en gr\u00e8ve le 23 f\u00e9vrier contre la \u00ab\u00a0s\u00e9cabilit\u00e9\u00a0\u00bb qui consiste \u00e0 masquer la suppression de 13 tourn\u00e9es, par 13 semaines de sur-travail pour les facteurs et factrices\u2026 principalement pendant les vacances scolaires. Il est vrai que sur Canal +, leur direction n\u2019h\u00e9site pas \u00e0 les traiter de \u00ab\u00a0paillasson\u00a0\u00bb ou de \u00ab\u00a0h\u00e9risson\u00a0\u00bb. R\u00e9ponse de la CGT\u00a0: marre d\u2019\u00eatre pris pour des mulets\u00a0!<\/p>\n<p><strong>UNE BONNE CGT \u00c1 LA CGT\u00a0:<\/strong> 263, rue de Paris \u2013 C\u2019est le syndicat du personnel de la CGT qui tenait congr\u00e8s le 3 mars, avec une ferme d\u00e9termination d\u2019avancer sur ses objectifs revendicatifs,\u00a0face \u00e0 l\u2019employeur CGT. Changement de casting aussi, avec l\u2019\u00e9lection d\u2019Ana\u00efs FERRER comme nouvelle secr\u00e9taire g\u00e9n\u00e9rale et d\u2019une commission ex\u00e9cutive de 10 femmes et 3 hommes pour animer le syndicat CGT\u2026de la CGT.<\/p>\n<p><strong>CLASH A L\u2019OPH :<\/strong> 17, rue Moli\u00e8re \u2013 La CGT n\u2019entend pas laisser le syndicat SUD priver les 250 salari\u00e9s de l\u2019Office de la n\u00e9gociation annuelle sur les salaires. Le 2 mars, la direction de l\u2019OPHM a donc du, contrainte par le d\u00e9brayage d\u2019une cinquantaine d\u2019agents accompagnant leurs d\u00e9l\u00e9gu\u00e9es, recevoir la CGT malgr\u00e9 la \u00ab\u00a0suspension\u00a0\u00bb des n\u00e9gociations sous des pr\u00e9textes insignifiants.<\/p>\n<p><strong>PLUS FORT QUE BENALI\u00a0:<\/strong> 49, rue Raspail \u2013 Les \u00e9lections du 8 f\u00e9vrier dernier aux Nouveaux Robinsons avaient donn\u00e9 un r\u00e9sultat sans partage de 72 voix pour la CGT. Au magasin de Montreuil, nos camarades Mourad A\u00cfT-BOUALI et Annie PASZKIEWICZ \u00e9taient ainsi \u00e9lus au 1<sup>er<\/sup> tour. Que croyez-vous que fit la direction\u00a0? Vex\u00e9e, elle annonce par note de service, l\u2019annulation du 1<sup>er<\/sup> tour et des \u00e9lections\u00a0! Le 7 mars, la direction aura \u00e0 expliquer son cas\u2026 au Tribunal.<\/p>\n<p><strong>HARC\u00c8LEMENT SUR ORDONNANCE\u00a0:<\/strong> 155, rue de Rosny \u2013 ACTOM France imprime des ordonnances m\u00e9dicales, en refusant d\u2019appliquer la convention collective de l\u2019imprimerie et en voulant imposer la polyvalence aux d\u00e9l\u00e9gu\u00e9s du personnel. Leur refus vaut, \u00e0 l\u2019un, un accident du travail au cours d\u2019une discussion avec le patron et \u00e0 l\u2019autre, une demande de licenciement aupr\u00e8s de l\u2019Inspection du Travail.<\/p>\n","protected":false},"excerpt":{"rendered":"<p>Les br\u00e8ves de l\u2019UL CGT de Montreuil, 24, rue de Paris \u00a0\u00a0 Je, Tu, UL\u2026\u00a0 D\u00e9but Mars 2011\u00a0 N\u00b0 59 \u00ab\u00a0Pas de pause dans le SMIC\u00a0: Carrefour condamn\u00e9 \u00e0 pausitiver\u00a0\u00bb OXYG\u00c8NE IRRESPIRABLE\u00a0: 63 bis, rue Ernest Savart \u2013 Les femmes de l\u2019aide \u00e0 la personne pay\u00e9es \u00e0 la t\u00e2che pour la SARL OXYGENE 93 ont &hellip; <\/p>\n","protected":false},"author":1,"featured_media":0,"comment_status":"closed","ping_status":"open","sticky":false,"template":"","format":"standard","meta":{"footnotes":""},"categories":[2],"tags":[],"class_list":{"0":"entry","1":"post","2":"publish","3":"author-ulmontreuil","4":"post-548","6":"format-standard","7":"category-je-tu-ul"},"_links":{"self":[{"href":"https:\/\/www.lacgtmontreuil.fr\/index.php?rest_route=\/wp\/v2\/posts\/548","targetHints":{"allow":["GET"]}}],"collection":[{"href":"https:\/\/www.lacgtmontreuil.fr\/index.php?rest_route=\/wp\/v2\/posts"}],"about":[{"href":"https:\/\/www.lacgtmontreuil.fr\/index.php?rest_route=\/wp\/v2\/types\/post"}],"author":[{"embeddable":true,"href":"https:\/\/www.lacgtmontreuil.fr\/index.php?rest_route=\/wp\/v2\/users\/1"}],"replies":[{"embeddable":true,"href":"https:\/\/www.lacgtmontreuil.fr\/index.php?rest_route=%2Fwp%2Fv2%2Fcomments&post=548"}],"version-history":[{"count":1,"href":"https:\/\/www.lacgtmontreuil.fr\/index.php?rest_route=\/wp\/v2\/posts\/548\/revisions"}],"predecessor-version":[{"id":550,"href":"https:\/\/www.lacgtmontreuil.fr\/index.php?rest_route=\/wp\/v2\/posts\/548\/revisions\/550"}],"wp:attachment":[{"href":"https:\/\/www.lacgtmontreuil.fr\/index.php?rest_route=%2Fwp%2Fv2%2Fmedia&parent=548"}],"wp:term":[{"taxonomy":"category","embeddable":true,"href":"https:\/\/www.lacgtmontreuil.fr\/index.php?rest_route=%2Fwp%2Fv2%2Fcategories&post=548"},{"taxonomy":"post_tag","embeddable":true,"href":"https:\/\/www.lacgtmontreuil.fr\/index.php?rest_route=%2Fwp%2Fv2%2Ftags&post=548"}],"curies":[{"name":"wp","href":"https:\/\/api.w.org\/{rel}","templated":true}]}}