{"id":545,"date":"2018-02-07T18:05:15","date_gmt":"2018-02-07T17:05:15","guid":{"rendered":"http:\/\/www.lacgtmontreuil.fr\/?p=545"},"modified":"2018-02-07T18:05:15","modified_gmt":"2018-02-07T17:05:15","slug":"je-tu-ul-debut-fevrier-2011-n-58","status":"publish","type":"post","link":"https:\/\/www.lacgtmontreuil.fr\/?p=545","title":{"rendered":"Je, Tu, UL\u2026  D\u00e9but F\u00e9vrier 2011  N\u00b0 58"},"content":{"rendered":"<p><strong> Les br\u00e8ves de l\u2019UL CGT de Montreuil, 24, rue de Paris<\/strong><\/p>\n<p><img loading=\"lazy\" decoding=\"async\" width=\"109\" height=\"155\" class=\"wp-image-546\" src=\"https:\/\/www.lacgtmontreuil.fr\/wp-content\/uploads\/2018\/02\/logo_cgt-14.jpeg\" alt=\"logo_cgt\" \/>\u00a0\u00a0 <strong>Je, Tu, UL\u2026\u00a0 D\u00e9but F\u00e9vrier 2011\u00a0 N\u00b0 58<\/strong><\/p>\n<p><em>\u00abDans quelle langue faut-il le dire\u00a0? NAO, now\u00a0!\u00a0\u00bb<\/em><\/p>\n<p><strong>SOUS-TRAITANCE, MALTRAITANCE :<\/strong> 8, rue des Lilas \u2013 L\u2019imprimerie STIPA faisait effectuer son m\u00e9nage par la soci\u00e9t\u00e9 ADF-NET, \u00e9vinc\u00e9e suite \u00e0 un nouvel appel d\u2019offre, par Samsic-Propret\u00e9. En violation des textes conventionnels, l\u2019\u00e9quipe de 4 salari\u00e9s s\u2019est soudain trouv\u00e9e sans salaire et interdite de chantier. Aussit\u00f4t, la CGT a saisi en r\u00e9f\u00e9r\u00e9 les Prud\u2019hommes\u00a0: ADF-NET est condamn\u00e9e \u00e0 r\u00e9int\u00e9grer les 4 salari\u00e9s et \u00e0 les payer sous astreinte de 50\u20ac par jour \u00e0 compter du 1<sup>er<\/sup> f\u00e9vrier.<\/p>\n<p><strong>UN HALO DE D\u00c9TRESSE :<\/strong> Place Jean Jaur\u00e8s \u2013 Les personnels de la Mairie ne cessent de mettre en \u00e9vidence les souffrances engendr\u00e9es par les d\u00e9rives du management par le stress. Face \u00e0 l\u2019ampleur du ph\u00e9nom\u00e8ne, le syndicat CGT vient de mettre en place une cellule d\u2019accueil t\u00e9l\u00e9phonique au 01 48 58 88 38, pour recueillir les t\u00e9moignages et agir en cons\u00e9quence, au besoin aupr\u00e8s des autorit\u00e9s judiciaires.<\/p>\n<p><strong>LA ROUE TOURNE, l\u2019ISEE DOIT PAYER\u00a0:<\/strong> 21, rue de Franklin \u2013 L\u2019ISEE, Institut Sup\u00e9rieur d\u2019Enseignement des Entreprises, r\u00e9partit ses effectifs entre une association et une SARL, ainsi qu\u2019entre Montreuil et Paris 11<sup>\u00e8me<\/sup>. Depuis qu\u2019Eric LAROUE, directeur p\u00e9dagogique de l\u2019\u00e9tablissement a r\u00e9clam\u00e9 des \u00e9lections, puis \u00e9t\u00e9 d\u00e9sign\u00e9 comme repr\u00e9sentant CGT pour l\u2019UES\u2026 il est mis \u00e0 pied, dans l\u2019attente d\u2019une d\u00e9cision des Inspections du Travail qui, de Montreuil \u00e0 Paris 11<sup>\u00e8me<\/sup>, se renvoient la balle. La CGT vient d\u2019obtenir le r\u00e9tablissement de son salaire, mais trouve que la plaisanterie a assez dur\u00e9.<\/p>\n<p><strong>MODULE LUNAIRE :<\/strong> 240, rue de Rosny \u2013 Quinette-Gallay fabrique des fauteuils\u2026 et du chantage \u00e0 la d\u00e9localisation. C\u2019est sous cette menace qu\u2019un accord \u00ab\u00a0a-typique\u00a0\u00bb de modulation du temps de travail supprime les jours de repos et organise des semaines de 48 heures, sans heures suppl\u00e9mentaires ni RTT. Lissage des salaires et \u00ab\u00a0contrepartie obligatoire en repos\u00a0\u00bb sur des semaines de 30 heures feront le reste. Premi\u00e8re r\u00e9action des salari\u00e9s\u00a0: 13 d\u2019entre eux adh\u00e8rent \u00e0 la CGT\u00a0!<\/p>\n<p><strong>OXYG\u00c8NE EN HYPERVENTILATION\u00a0:<\/strong> 63, rue Ernest Savart \u2013 Oxyg\u00e8ne 93 fait profession de l\u2019aide \u00e0 la personne, mais s\u00fbrement pas de l\u2019aide \u00e0 ses propres salari\u00e9es. Apr\u00e8s un premier mouvement de col\u00e8re en janvier, la CGT fait circuler une p\u00e9tition pour que la paie ne soit pas oubli\u00e9e chaque fin de mois et que le Code du Travail p\u00e9n\u00e8tre enfin l\u2019entreprise.<\/p>\n","protected":false},"excerpt":{"rendered":"<p>Les br\u00e8ves de l\u2019UL CGT de Montreuil, 24, rue de Paris \u00a0\u00a0 Je, Tu, UL\u2026\u00a0 D\u00e9but F\u00e9vrier 2011\u00a0 N\u00b0 58 \u00abDans quelle langue faut-il le dire\u00a0? NAO, now\u00a0!\u00a0\u00bb SOUS-TRAITANCE, MALTRAITANCE : 8, rue des Lilas \u2013 L\u2019imprimerie STIPA faisait effectuer son m\u00e9nage par la soci\u00e9t\u00e9 ADF-NET, \u00e9vinc\u00e9e suite \u00e0 un nouvel appel d\u2019offre, par Samsic-Propret\u00e9. &hellip; <\/p>\n","protected":false},"author":1,"featured_media":0,"comment_status":"closed","ping_status":"open","sticky":false,"template":"","format":"standard","meta":{"footnotes":""},"categories":[2],"tags":[],"class_list":{"0":"entry","1":"post","2":"publish","3":"author-ulmontreuil","4":"post-545","6":"format-standard","7":"category-je-tu-ul"},"_links":{"self":[{"href":"https:\/\/www.lacgtmontreuil.fr\/index.php?rest_route=\/wp\/v2\/posts\/545","targetHints":{"allow":["GET"]}}],"collection":[{"href":"https:\/\/www.lacgtmontreuil.fr\/index.php?rest_route=\/wp\/v2\/posts"}],"about":[{"href":"https:\/\/www.lacgtmontreuil.fr\/index.php?rest_route=\/wp\/v2\/types\/post"}],"author":[{"embeddable":true,"href":"https:\/\/www.lacgtmontreuil.fr\/index.php?rest_route=\/wp\/v2\/users\/1"}],"replies":[{"embeddable":true,"href":"https:\/\/www.lacgtmontreuil.fr\/index.php?rest_route=%2Fwp%2Fv2%2Fcomments&post=545"}],"version-history":[{"count":1,"href":"https:\/\/www.lacgtmontreuil.fr\/index.php?rest_route=\/wp\/v2\/posts\/545\/revisions"}],"predecessor-version":[{"id":547,"href":"https:\/\/www.lacgtmontreuil.fr\/index.php?rest_route=\/wp\/v2\/posts\/545\/revisions\/547"}],"wp:attachment":[{"href":"https:\/\/www.lacgtmontreuil.fr\/index.php?rest_route=%2Fwp%2Fv2%2Fmedia&parent=545"}],"wp:term":[{"taxonomy":"category","embeddable":true,"href":"https:\/\/www.lacgtmontreuil.fr\/index.php?rest_route=%2Fwp%2Fv2%2Fcategories&post=545"},{"taxonomy":"post_tag","embeddable":true,"href":"https:\/\/www.lacgtmontreuil.fr\/index.php?rest_route=%2Fwp%2Fv2%2Ftags&post=545"}],"curies":[{"name":"wp","href":"https:\/\/api.w.org\/{rel}","templated":true}]}}