{"id":5408,"date":"2021-12-30T17:56:07","date_gmt":"2021-12-30T16:56:07","guid":{"rendered":"http:\/\/www.lacgtmontreuil.fr\/?p=5408"},"modified":"2022-02-03T11:42:59","modified_gmt":"2022-02-03T10:42:59","slug":"edito-le-net-le-brut-et-les-truands","status":"publish","type":"post","link":"https:\/\/www.lacgtmontreuil.fr\/?p=5408","title":{"rendered":"Edito &#8211; LE NET, LE BRUT ET LES TRUANDS"},"content":{"rendered":"<p>Alors que nos voisins allemands ou espagnols ont b\u00e9n\u00e9fici\u00e9 d&rsquo;<strong>augmentations du salaire minimum de 20% et plus,<\/strong> la France s&rsquo;en tient \u00e0 <strong>0,9%<\/strong> pour la revalorisation du SMIC au 1er janvier : l&rsquo;\u00e9rosion des salaires avec une<strong> inflation autour de 3%<\/strong> reste le cr\u00e9do du gouvernement.<br \/>\nEntreprise par entreprise, branche par branche, les n\u00e9gociations salariales s&rsquo;animent avec parfois <strong>des succ\u00e8s.<\/strong><br \/>\nJeudi<strong> 27 janvier,<\/strong> la CGT s&rsquo;engage pour une convergence unitaire autour du bulletin de paie : il faut d&rsquo;urgence imposer un <strong>nouveau partage de la valeur ajout\u00e9e<\/strong>, en faveur du travail !<\/p>\n<p><strong>\u00a0 \u00a0 \u00a0 \u00a0 \u00a0 \u00a0 \u00a0 \u00a0 \u00a0 \u00a0 \u00a0 \u00a0 \u00a0 \u00a0 FAIRE OUBLIER LE SALAIRE SOCIALISE ?<\/strong><\/p>\n<p>L&rsquo;approche des pr\u00e9sidentielles nourrit d\u00e9j\u00e0 les <strong>arnaques au pouvoir d&rsquo;achat<\/strong> : augmenter le salaire net sans toucher au brut&#8230;<strong>en supprimant les cotisations sociales ?<\/strong><br \/>\nDepuis 30 ans, plus de 80 dispositifs d<strong>&lsquo;exon\u00e9ration<\/strong> servent \u00e0 justifier tous les reculs : pas d&rsquo;argent pour les retraites, ni pour les h\u00f4pitaux, la perte d&rsquo;autonomie, le logement, etc.<br \/>\nEn 2018, la suppression des cotisations pour le ch\u00f4mage, aussit\u00f4t compens\u00e9e par une <strong>hausse de la CSG,<\/strong> viendra justifier l&rsquo;amputation des droits des ch\u00f4meurs et pr\u00e9caires. Macron s&rsquo;improvise \u00e0 chaque crise comme le magicien des primes<em> d\u00e9fiscalis\u00e9es, d\u00e9socialis\u00e9es<\/em>, ce mois-ci de<strong> l&rsquo;indemnit\u00e9 inflation<\/strong>, toutes pr\u00e9lev\u00e9es de nos propres cotisations pour revenir en<em> \u00ab\u00a0net \u00e0 payer\u00a0\u00bb<\/em> : de faux cadeaux financ\u00e9s par le<strong> holdup sur la protection sociale.<\/strong><\/p>\n<p>Assur\u00e9ment, s&rsquo;il doit y avoir du <em>ruissellement<\/em>, il va falloir <strong>aller nous-m\u00eame le siphonner !<\/strong><\/p>\n","protected":false},"excerpt":{"rendered":"<p>Alors que nos voisins allemands ou espagnols ont b\u00e9n\u00e9fici\u00e9 d&rsquo;augmentations du salaire minimum de 20% et plus, la France s&rsquo;en tient \u00e0 0,9% pour la revalorisation du SMIC au 1er janvier : l&rsquo;\u00e9rosion des salaires avec une inflation autour de 3% reste le cr\u00e9do du gouvernement. Entreprise par entreprise, branche par branche, les n\u00e9gociations salariales &hellip; <\/p>\n","protected":false},"author":6,"featured_media":0,"comment_status":"closed","ping_status":"open","sticky":false,"template":"","format":"standard","meta":{"footnotes":""},"categories":[21],"tags":[],"class_list":{"0":"entry","1":"post","2":"publish","3":"author-richard","4":"post-5408","6":"format-standard","7":"category-editos"},"_links":{"self":[{"href":"https:\/\/www.lacgtmontreuil.fr\/index.php?rest_route=\/wp\/v2\/posts\/5408","targetHints":{"allow":["GET"]}}],"collection":[{"href":"https:\/\/www.lacgtmontreuil.fr\/index.php?rest_route=\/wp\/v2\/posts"}],"about":[{"href":"https:\/\/www.lacgtmontreuil.fr\/index.php?rest_route=\/wp\/v2\/types\/post"}],"author":[{"embeddable":true,"href":"https:\/\/www.lacgtmontreuil.fr\/index.php?rest_route=\/wp\/v2\/users\/6"}],"replies":[{"embeddable":true,"href":"https:\/\/www.lacgtmontreuil.fr\/index.php?rest_route=%2Fwp%2Fv2%2Fcomments&post=5408"}],"version-history":[{"count":2,"href":"https:\/\/www.lacgtmontreuil.fr\/index.php?rest_route=\/wp\/v2\/posts\/5408\/revisions"}],"predecessor-version":[{"id":5415,"href":"https:\/\/www.lacgtmontreuil.fr\/index.php?rest_route=\/wp\/v2\/posts\/5408\/revisions\/5415"}],"wp:attachment":[{"href":"https:\/\/www.lacgtmontreuil.fr\/index.php?rest_route=%2Fwp%2Fv2%2Fmedia&parent=5408"}],"wp:term":[{"taxonomy":"category","embeddable":true,"href":"https:\/\/www.lacgtmontreuil.fr\/index.php?rest_route=%2Fwp%2Fv2%2Fcategories&post=5408"},{"taxonomy":"post_tag","embeddable":true,"href":"https:\/\/www.lacgtmontreuil.fr\/index.php?rest_route=%2Fwp%2Fv2%2Ftags&post=5408"}],"curies":[{"name":"wp","href":"https:\/\/api.w.org\/{rel}","templated":true}]}}