{"id":5268,"date":"2021-09-30T10:04:34","date_gmt":"2021-09-30T08:04:34","guid":{"rendered":"http:\/\/www.lacgtmontreuil.fr\/?p=5268"},"modified":"2022-02-03T11:42:36","modified_gmt":"2022-02-03T10:42:36","slug":"edito-126-sur-les-salaires-plutot-que-sur-le-gaz","status":"publish","type":"post","link":"https:\/\/www.lacgtmontreuil.fr\/?p=5268","title":{"rendered":"Edito &#8211; +12,6 % SUR LES SALAIRES&#8230;PLUTOT QUE SUR LE GAZ !"},"content":{"rendered":"<p>La question des <strong>salaires<\/strong> s&rsquo;invite m\u00e9caniquement avec la pr\u00e9vision des 6,3 % de croissance (pour qui ?) et l&rsquo;obsc\u00e9nit\u00e9 des sommes vers\u00e9es aux <em>\u00ab\u00a0super riches\u00a0\u00bb<\/em> par temps de COVID.<br \/>\nMais elle s&rsquo;impose aussi<strong> face \u00e0 l&rsquo;inflation des factures<\/strong> -du prix de l&rsquo;\u00e9nergie \u00e0 celui du papier toilette- annonc\u00e9e pour cet hivers.<br \/>\nOr l&rsquo;augmentation des salaires <strong>directs et indirects<\/strong> reste la seule mesure pour confronter \u00e0 la vraie vie les discours sur la<em> \u00ab\u00a0valeur travail\u00a0\u00bb<\/em> dont on nous rabat les oreilles : c&rsquo;est m\u00eame le <em>\u00ab\u00a0fact checking\u00a0\u00bb<\/em> qui va nous servir dans la p\u00e9riode \u00e9lectorale qui s&rsquo;ouvre, \u00e0 <strong>d\u00e9masquer les tours de passe-passe<\/strong> entre brut et net, visant \u00e0 nous spolier des cotisations cr\u00e9atrices de droits.<\/p>\n<p><strong>GAGNER PLUS, TRAVAILLER MOINS, TRAVAILLER TOUS<\/strong><\/p>\n<p>Avec l&rsquo;ajustement minimaliste du SMIC au 1er octobre \u00e0 <strong>10,48 euros de l&rsquo;heure<\/strong>, notre pays tourne le dos \u00e0 ce qui se fait \u00e0 nos fronti\u00e8res, en Espagne, en Allemagne et jusqu&rsquo;aux USA, avec de s\u00e9rieux coups de pouce aux bas salaires pour relancer la consommation des m\u00e9nages : ici, le paradis des riches se construit sur l&rsquo;enfer des pauvres.<br \/>\nLongtemps stigmatis\u00e9es, voire ringardis\u00e9es dans les m\u00e9dia, les revendications port\u00e9es par la CGT d&rsquo;un <strong>SMIC \u00e0 2000 euros<\/strong> et des<strong> 32 heures<\/strong> comme dur\u00e9e l\u00e9gale du travail, sont revenues dans l&rsquo;air du temps.<br \/>\nAjoutons qu&rsquo;elles s&rsquo;inscrivent plus que jamais dans le sens de l&rsquo;histoire et que, sans attendre, elles \u00e9clairent la mobilisation unitaire du<strong> 5 octobre.<\/strong><\/p>\n","protected":false},"excerpt":{"rendered":"<p>La question des salaires s&rsquo;invite m\u00e9caniquement avec la pr\u00e9vision des 6,3 % de croissance (pour qui ?) et l&rsquo;obsc\u00e9nit\u00e9 des sommes vers\u00e9es aux \u00ab\u00a0super riches\u00a0\u00bb par temps de COVID. Mais elle s&rsquo;impose aussi face \u00e0 l&rsquo;inflation des factures -du prix de l&rsquo;\u00e9nergie \u00e0 celui du papier toilette- annonc\u00e9e pour cet hivers. Or l&rsquo;augmentation des salaires &hellip; <\/p>\n","protected":false},"author":6,"featured_media":0,"comment_status":"closed","ping_status":"open","sticky":false,"template":"","format":"standard","meta":{"footnotes":""},"categories":[21],"tags":[],"class_list":{"0":"entry","1":"post","2":"publish","3":"author-richard","4":"post-5268","6":"format-standard","7":"category-editos"},"_links":{"self":[{"href":"https:\/\/www.lacgtmontreuil.fr\/index.php?rest_route=\/wp\/v2\/posts\/5268","targetHints":{"allow":["GET"]}}],"collection":[{"href":"https:\/\/www.lacgtmontreuil.fr\/index.php?rest_route=\/wp\/v2\/posts"}],"about":[{"href":"https:\/\/www.lacgtmontreuil.fr\/index.php?rest_route=\/wp\/v2\/types\/post"}],"author":[{"embeddable":true,"href":"https:\/\/www.lacgtmontreuil.fr\/index.php?rest_route=\/wp\/v2\/users\/6"}],"replies":[{"embeddable":true,"href":"https:\/\/www.lacgtmontreuil.fr\/index.php?rest_route=%2Fwp%2Fv2%2Fcomments&post=5268"}],"version-history":[{"count":2,"href":"https:\/\/www.lacgtmontreuil.fr\/index.php?rest_route=\/wp\/v2\/posts\/5268\/revisions"}],"predecessor-version":[{"id":5277,"href":"https:\/\/www.lacgtmontreuil.fr\/index.php?rest_route=\/wp\/v2\/posts\/5268\/revisions\/5277"}],"wp:attachment":[{"href":"https:\/\/www.lacgtmontreuil.fr\/index.php?rest_route=%2Fwp%2Fv2%2Fmedia&parent=5268"}],"wp:term":[{"taxonomy":"category","embeddable":true,"href":"https:\/\/www.lacgtmontreuil.fr\/index.php?rest_route=%2Fwp%2Fv2%2Fcategories&post=5268"},{"taxonomy":"post_tag","embeddable":true,"href":"https:\/\/www.lacgtmontreuil.fr\/index.php?rest_route=%2Fwp%2Fv2%2Ftags&post=5268"}],"curies":[{"name":"wp","href":"https:\/\/api.w.org\/{rel}","templated":true}]}}