{"id":5223,"date":"2021-06-23T14:24:25","date_gmt":"2021-06-23T12:24:25","guid":{"rendered":"http:\/\/www.lacgtmontreuil.fr\/?p=5223"},"modified":"2021-07-21T18:33:09","modified_gmt":"2021-07-21T16:33:09","slug":"edito-chomeurs-precaires-2-gouvernement-0","status":"publish","type":"post","link":"https:\/\/www.lacgtmontreuil.fr\/?p=5223","title":{"rendered":"Edito &#8211; Ch\u00f4meurs-Pr\u00e9caires : 2 \/ Gouvernement : 0"},"content":{"rendered":"<p>Pour la <strong>2e fois<\/strong> le Conseil d&rsquo;Etat d\u00e9savoue le gouvernement sur son obstination \u00e0 <em>\u00ab\u00a0r\u00e9former\u00a0\u00bb<\/em> l&rsquo;assurance-ch\u00f4mage sur le dos des futurs priv\u00e9s d&#8217;emploi.<br \/>\nLes dispositions assassines qui devaient entrer en vigueur le 1er juillet 2021, devront au moins attendre un jugement sur le fond, susceptible de<strong> censurer d\u00e9finitivement<\/strong> le d\u00e9cret d&rsquo;ici la fin d&rsquo;ann\u00e9e.<br \/>\nLa<strong> mobilisation<\/strong> exceptionnelle des ch\u00f4meurs, pr\u00e9caires, intermittents, int\u00e9rimaires et saisonniers n&rsquo;aura pas \u00e9t\u00e9 vaine, devant les agences de P\u00f4le-Emploi ou dans les <strong>occupations<\/strong> de lieux culturels comme \u00e0 Montreuil et Rosny.<br \/>\nLa<strong> suspension<\/strong> du d\u00e9cret du 30 mars 2021<strong> g\u00e8le le calcul au rabais<\/strong> du <em>salaire journalier de r\u00e9f\u00e9rence<\/em>, base de l&rsquo;allocation, ainsi que le<strong> grignotage des dur\u00e9es<\/strong> d&rsquo;indemnisation. Premier succ\u00e8s !<\/p>\n<p><strong><em>\u00ab\u00a0UNE SITUATION ECONOMIQUE TROP INCERTAINE\u00a0\u00bb<\/em>&#8230;POUR LES CHOMEURS<\/strong><\/p>\n<p>En d\u00e9non\u00e7ant<em> \u00ab\u00a0une erreur manifeste d&rsquo;appr\u00e9ciation\u00a0\u00bb\u00a0<\/em>quant aux effets de la r\u00e9forme, le Conseil d&rsquo;Etat renvoie les futurs ch\u00f4meurs et pr\u00e9caires aux<strong> garanties de 2017<\/strong>, que la CGT aura d\u00e9fendu par d\u00e9faut.<br \/>\nD&rsquo;abord parce que<strong> l&#8217;emploi<\/strong> reste le meilleur<em> \u00ab\u00a0traitement social du ch\u00f4mage\u00a0\u00bb<\/em> ; ensuite parce que les r\u00e8gles restrictives de l&rsquo;UNEDIC ne permettent toujours pas de<strong> couvrir 100% des priv\u00e9s d&#8217;emploi<\/strong> et que l&rsquo;urgence porte aussi sur le niveau d&rsquo;indemnisation qu&rsquo;il faut augmenter de<strong> 10 euros par jour et par ch\u00f4meur<\/strong>, comme le revendique la CGT.<\/p>\n","protected":false},"excerpt":{"rendered":"<p>Pour la 2e fois le Conseil d&rsquo;Etat d\u00e9savoue le gouvernement sur son obstination \u00e0 \u00ab\u00a0r\u00e9former\u00a0\u00bb l&rsquo;assurance-ch\u00f4mage sur le dos des futurs priv\u00e9s d&#8217;emploi. Les dispositions assassines qui devaient entrer en vigueur le 1er juillet 2021, devront au moins attendre un jugement sur le fond, susceptible de censurer d\u00e9finitivement le d\u00e9cret d&rsquo;ici la fin d&rsquo;ann\u00e9e. La &hellip; <\/p>\n","protected":false},"author":6,"featured_media":0,"comment_status":"closed","ping_status":"open","sticky":false,"template":"","format":"standard","meta":{"footnotes":""},"categories":[21],"tags":[],"class_list":{"0":"entry","1":"post","2":"publish","3":"author-richard","4":"post-5223","6":"format-standard","7":"category-editos"},"_links":{"self":[{"href":"https:\/\/www.lacgtmontreuil.fr\/index.php?rest_route=\/wp\/v2\/posts\/5223","targetHints":{"allow":["GET"]}}],"collection":[{"href":"https:\/\/www.lacgtmontreuil.fr\/index.php?rest_route=\/wp\/v2\/posts"}],"about":[{"href":"https:\/\/www.lacgtmontreuil.fr\/index.php?rest_route=\/wp\/v2\/types\/post"}],"author":[{"embeddable":true,"href":"https:\/\/www.lacgtmontreuil.fr\/index.php?rest_route=\/wp\/v2\/users\/6"}],"replies":[{"embeddable":true,"href":"https:\/\/www.lacgtmontreuil.fr\/index.php?rest_route=%2Fwp%2Fv2%2Fcomments&post=5223"}],"version-history":[{"count":2,"href":"https:\/\/www.lacgtmontreuil.fr\/index.php?rest_route=\/wp\/v2\/posts\/5223\/revisions"}],"predecessor-version":[{"id":5238,"href":"https:\/\/www.lacgtmontreuil.fr\/index.php?rest_route=\/wp\/v2\/posts\/5223\/revisions\/5238"}],"wp:attachment":[{"href":"https:\/\/www.lacgtmontreuil.fr\/index.php?rest_route=%2Fwp%2Fv2%2Fmedia&parent=5223"}],"wp:term":[{"taxonomy":"category","embeddable":true,"href":"https:\/\/www.lacgtmontreuil.fr\/index.php?rest_route=%2Fwp%2Fv2%2Fcategories&post=5223"},{"taxonomy":"post_tag","embeddable":true,"href":"https:\/\/www.lacgtmontreuil.fr\/index.php?rest_route=%2Fwp%2Fv2%2Ftags&post=5223"}],"curies":[{"name":"wp","href":"https:\/\/api.w.org\/{rel}","templated":true}]}}