{"id":449,"date":"2018-01-24T18:52:42","date_gmt":"2018-01-24T17:52:42","guid":{"rendered":"http:\/\/www.lacgtmontreuil.fr\/?p=449"},"modified":"2018-01-24T18:52:42","modified_gmt":"2018-01-24T17:52:42","slug":"je-tu-ul-fin-juin-2009-n-36","status":"publish","type":"post","link":"https:\/\/www.lacgtmontreuil.fr\/?p=449","title":{"rendered":"Je, Tu, UL\u2026  Fin juin 2009  N\u00b0 36"},"content":{"rendered":"<p><strong> Les br\u00e8ves de l\u2019UL CGT de Montreuil, 24, rue de Paris<\/strong><\/p>\n<p><img loading=\"lazy\" decoding=\"async\" width=\"109\" height=\"155\" class=\"wp-image-450\" src=\"https:\/\/www.lacgtmontreuil.fr\/wp-content\/uploads\/2018\/01\/logo_cgt-38.jpeg\" alt=\"logo_cgt\" \/>\u00a0\u00a0 <strong>Je, Tu, UL\u2026\u00a0 Fin juin 2009\u00a0 N\u00b0 36<\/strong><\/p>\n<p><em>\u00abAugmentation du \u00a0SMIC\u00a0: une baguette de pain par jour\u00a0\u00bb<\/em><\/p>\n<p><strong>BUG-EMPLOI\u00a0:<\/strong> 7, rue Kl\u00e9ber \u2013 L\u2019ASSEDIC de l\u2019Est Francilien, \u00e0 la diff\u00e9rence de l\u2019ANPE, est dot\u00e9e du statut d\u2019Association Loi 1901 rendant obligatoire la consultation de son Conseil d\u2019Administration sur, notamment, le projet de fusion-absorption du P\u00f4le-Emploi. Coup de th\u00e9\u00e2tre\u00a0lors de sa tenue le 17 juin\u00a0: Jean-Charles SCHMIDT, administrateur CGT, rejoint par les repr\u00e9sentants FO et CGC, s\u2019y sont fermement oppos\u00e9s (seules la CFDT et la CFTC ont vot\u00e9 pour\u2026). R\u00e9sultat\u00a0: l\u2019ASSEDIC conserve ses structures et son patrimoine, et les ch\u00f4meurs des interlocuteurs d\u00e9di\u00e9s pour faire face \u00e0 la multiplication des litiges provoqu\u00e9s par P\u00f4le-Emploi.<\/p>\n<p><strong>PLUS-LAPIN:<\/strong> 4, rue Girard \u2013 Les gr\u00e9vistes de PLUS-NET ne comptent plus les lapins pos\u00e9s \u00e0 la DDTE par le patron, apr\u00e8s celui du 23 juin. M SUIED n\u2019est pas venu cette fois, parce qu\u2019il attendait son ch\u00e8que de Bouygues\u00a0! Les \u00ab\u00a0cerfa\u00a0\u00bb n\u00e9cessaires \u00e0 la r\u00e9gularisation des gr\u00e9vistes ne pouvant se signer par t\u00e9l\u00e9phone, la CGT exige un nouveau rendez-vous et se rendra \u00e0 la Pr\u00e9fecture le 29 pour que l\u2019Etat prenne ses responsabilit\u00e9s.<\/p>\n<p>&nbsp;<\/p>\n<p><strong>MAUVAIS PLAN AUX BONS PLANTS\u00a0:<\/strong> 19, rue des Bons Plants \u2013 Le Foyer d\u2019Accueil M\u00e9dicalis\u00e9 a du mal \u00e0 pratiquer l\u2019accueillance envers la CGT. Plus d\u2019un mois apr\u00e8s l\u2019\u00e9lection du 20 mai dernier, toujours pas de r\u00e9union des d\u00e9l\u00e9gu\u00e9s\u2026 qui sont invit\u00e9s \u00e0 faire local commun avec les psychologues. Pour plancher sur l\u2019autisme de la Direction\u00a0?<\/p>\n<p><strong>FAIRE ET DEFAIRE\u00a0:<\/strong> 1, place Jean Jaur\u00e8s \u2013 Les cadres territoriaux s\u2019interrogent sur les processus de d\u00e9cision en Mairie. Avec la CGT, ils lancent une p\u00e9tition pour exiger la clarification des orientations souvent contradictoires qu\u2019ils doivent appliquer, pour ne plus avoir \u00e0 faire, puis \u00e0 d\u00e9faire\u2026 m\u00eame si c\u2019est toujours travailler.<\/p>\n<p>&nbsp;<\/p>\n<p><strong>LE PRESIDENT DE LA REGIE DEFAILLANT\u00a0?:<\/strong> 31 bis, rue Lenain de Tillemont \u2013 La R\u00e9gie de Quartier serait \u00ab\u00a0au bord de la faillite\u00a0\u00bb selon son nouveau pr\u00e9sident. Faux, r\u00e9torque la section CGT, exclue du d\u00e9bat en violation des statuts. On a cr\u00e9\u00e9 artificiellement une situation de faillite en r\u00e9duisant les march\u00e9s publics et en autorisant, notamment pour l\u2019OPHM, des d\u00e9lais de r\u00e8glements anormalement longs. Que deviendra l\u2019effort d\u2019insertion port\u00e9 par la R\u00e9gie si la collectivit\u00e9 n\u2019investit pas un peu plus\u00a0?<\/p>\n","protected":false},"excerpt":{"rendered":"<p>Les br\u00e8ves de l\u2019UL CGT de Montreuil, 24, rue de Paris \u00a0\u00a0 Je, Tu, UL\u2026\u00a0 Fin juin 2009\u00a0 N\u00b0 36 \u00abAugmentation du \u00a0SMIC\u00a0: une baguette de pain par jour\u00a0\u00bb BUG-EMPLOI\u00a0: 7, rue Kl\u00e9ber \u2013 L\u2019ASSEDIC de l\u2019Est Francilien, \u00e0 la diff\u00e9rence de l\u2019ANPE, est dot\u00e9e du statut d\u2019Association Loi 1901 rendant obligatoire la consultation de &hellip; <\/p>\n","protected":false},"author":1,"featured_media":0,"comment_status":"closed","ping_status":"open","sticky":false,"template":"","format":"standard","meta":{"footnotes":""},"categories":[2],"tags":[],"class_list":{"0":"entry","1":"post","2":"publish","3":"author-ulmontreuil","4":"post-449","6":"format-standard","7":"category-je-tu-ul"},"_links":{"self":[{"href":"https:\/\/www.lacgtmontreuil.fr\/index.php?rest_route=\/wp\/v2\/posts\/449","targetHints":{"allow":["GET"]}}],"collection":[{"href":"https:\/\/www.lacgtmontreuil.fr\/index.php?rest_route=\/wp\/v2\/posts"}],"about":[{"href":"https:\/\/www.lacgtmontreuil.fr\/index.php?rest_route=\/wp\/v2\/types\/post"}],"author":[{"embeddable":true,"href":"https:\/\/www.lacgtmontreuil.fr\/index.php?rest_route=\/wp\/v2\/users\/1"}],"replies":[{"embeddable":true,"href":"https:\/\/www.lacgtmontreuil.fr\/index.php?rest_route=%2Fwp%2Fv2%2Fcomments&post=449"}],"version-history":[{"count":1,"href":"https:\/\/www.lacgtmontreuil.fr\/index.php?rest_route=\/wp\/v2\/posts\/449\/revisions"}],"predecessor-version":[{"id":451,"href":"https:\/\/www.lacgtmontreuil.fr\/index.php?rest_route=\/wp\/v2\/posts\/449\/revisions\/451"}],"wp:attachment":[{"href":"https:\/\/www.lacgtmontreuil.fr\/index.php?rest_route=%2Fwp%2Fv2%2Fmedia&parent=449"}],"wp:term":[{"taxonomy":"category","embeddable":true,"href":"https:\/\/www.lacgtmontreuil.fr\/index.php?rest_route=%2Fwp%2Fv2%2Fcategories&post=449"},{"taxonomy":"post_tag","embeddable":true,"href":"https:\/\/www.lacgtmontreuil.fr\/index.php?rest_route=%2Fwp%2Fv2%2Ftags&post=449"}],"curies":[{"name":"wp","href":"https:\/\/api.w.org\/{rel}","templated":true}]}}