{"id":446,"date":"2018-01-24T18:50:21","date_gmt":"2018-01-24T17:50:21","guid":{"rendered":"http:\/\/www.lacgtmontreuil.fr\/?p=446"},"modified":"2018-01-24T18:50:21","modified_gmt":"2018-01-24T17:50:21","slug":"je-tu-ul-debut-juin-2009-n-35","status":"publish","type":"post","link":"https:\/\/www.lacgtmontreuil.fr\/?p=446","title":{"rendered":"Je, Tu, UL\u2026  D\u00e9but juin 2009  N\u00b0 35"},"content":{"rendered":"<p><strong> Les br\u00e8ves de l\u2019UL CGT de Montreuil, 24, rue de Paris<\/strong><\/p>\n<p><img loading=\"lazy\" decoding=\"async\" width=\"109\" height=\"155\" class=\"wp-image-447\" src=\"https:\/\/www.lacgtmontreuil.fr\/wp-content\/uploads\/2018\/01\/logo_cgt-37.jpeg\" alt=\"logo_cgt\" \/>\u00a0 <strong>Je, Tu, UL\u2026\u00a0 D\u00e9but juin 2009\u00a0 N\u00b0 35<\/strong><\/p>\n<p><em>\u00ab\u00a0En 2009, l\u2019ANPE et les ASSEDIC deviennent Police Emploi\u00a0\u00bb<\/em><\/p>\n<p><strong>OPAQUE OP\u00c9RATION OPALE:<\/strong> 3, rue Franklin \u2013 L\u2019ancien si\u00e8ge de l\u2019URSSAF est devenu la Tour Opale, pr\u00eate \u00e0 accueillir 600 agents de la Ville cet \u00e9t\u00e9. Sauf que la Municipalit\u00e9 avait oubli\u00e9 de consulter les repr\u00e9sentants du personnel, avec une premi\u00e8re r\u00e9union du CHS fix\u00e9e au 29 juin. Trop tardif, au regard de l\u2019avancement du dossier, ont jug\u00e9 les syndicats CGT et FSU, qui exigent une information loyale et une r\u00e9union en urgence sur ce d\u00e9m\u00e9nagement.<\/p>\n<p>&nbsp;<\/p>\n<p><strong>FRONTIERES OU RENCONTRES\u00a0?:<\/strong> 74, rue de Lagny \u2013 Le syndicat CGT de Nouvelles Fronti\u00e8res a r\u00e9uni son AG de syndiqu\u00e9s le 6 juin, avec de nombreux sujets de satisfaction\u00a0: 16 adh\u00e9sions nouvelles depuis le d\u00e9but de l\u2019ann\u00e9e, un bilan tr\u00e8s positif des \u00e9lus et mandat\u00e9s \u2026 mais aussi de belles batailles en perspective contre la fermeture en Ao\u00fbt de plusieurs agences et le projet de regroupement \u00ab\u00a0nouvelles Rencontres\u00a0\u00bb d\u00e9cid\u00e9 par les actionnaires. S\u2019ils nous cherchent, ils vont nous rencontrer\u00a0!<\/p>\n<p><strong>\u00c9LECTIONS GRIPP\u00c9ES\u00a0:<\/strong> 60, rue Marceau \u2013 La direction de Sant\u00e9 Service avait d\u00e9cid\u00e9 d\u2019\u00e9carter la profession de foi des listes CGT pour le vote par correspondance\u00a0! D\u2019o\u00f9 une demande d\u2019annulation des \u00e9lections par la CGT qui a \u00e9t\u00e9 prise de vitesse par ma direction qui annonce\u2026 un d\u00e9plorable dysfonctionnement des services postaux et re-convoque les organisations syndicales. C\u2019est ce qui s\u2019appelle ri-poster.<\/p>\n<p><strong>BALLE DE MATCH\u00a0:<\/strong> 156, rue de la Nouvelle France \u2013 La SEM Sports Loisirs qui g\u00e8re le complexe Tennis Plus se voit supprimer sa d\u00e9l\u00e9gation de service public par la ville. Stupeur de certains responsables, qui d\u00e9couvrent que le personnel est de droit priv\u00e9 et que sa municipalisation va exiger une n\u00e9gociation avec la CGT. La section syndicale vient d\u2019ailleurs de signer pour de nouvelles \u00e9lections.<\/p>\n<p><strong>VIE NOUVELLE:<\/strong> 24, rue de Paris \u2013 C\u2019est le 9 juin qu\u2019a \u00e9t\u00e9 constitu\u00e9e \u00e0 l\u2019initiative des retrait\u00e9s CGT de Montreuil, l\u2019Association Loisirs Solidarit\u00e9 Retrait\u00e9s (LSR) pr\u00e9sid\u00e9e par M. HUSSON. Nos anciens auront ainsi l\u2019outil pour s\u2019\u00e9clater\u00a0!<\/p>\n","protected":false},"excerpt":{"rendered":"<p>Les br\u00e8ves de l\u2019UL CGT de Montreuil, 24, rue de Paris \u00a0 Je, Tu, UL\u2026\u00a0 D\u00e9but juin 2009\u00a0 N\u00b0 35 \u00ab\u00a0En 2009, l\u2019ANPE et les ASSEDIC deviennent Police Emploi\u00a0\u00bb OPAQUE OP\u00c9RATION OPALE: 3, rue Franklin \u2013 L\u2019ancien si\u00e8ge de l\u2019URSSAF est devenu la Tour Opale, pr\u00eate \u00e0 accueillir 600 agents de la Ville cet \u00e9t\u00e9. &hellip; <\/p>\n","protected":false},"author":1,"featured_media":0,"comment_status":"closed","ping_status":"open","sticky":false,"template":"","format":"standard","meta":{"footnotes":""},"categories":[2],"tags":[],"class_list":{"0":"entry","1":"post","2":"publish","3":"author-ulmontreuil","4":"post-446","6":"format-standard","7":"category-je-tu-ul"},"_links":{"self":[{"href":"https:\/\/www.lacgtmontreuil.fr\/index.php?rest_route=\/wp\/v2\/posts\/446","targetHints":{"allow":["GET"]}}],"collection":[{"href":"https:\/\/www.lacgtmontreuil.fr\/index.php?rest_route=\/wp\/v2\/posts"}],"about":[{"href":"https:\/\/www.lacgtmontreuil.fr\/index.php?rest_route=\/wp\/v2\/types\/post"}],"author":[{"embeddable":true,"href":"https:\/\/www.lacgtmontreuil.fr\/index.php?rest_route=\/wp\/v2\/users\/1"}],"replies":[{"embeddable":true,"href":"https:\/\/www.lacgtmontreuil.fr\/index.php?rest_route=%2Fwp%2Fv2%2Fcomments&post=446"}],"version-history":[{"count":1,"href":"https:\/\/www.lacgtmontreuil.fr\/index.php?rest_route=\/wp\/v2\/posts\/446\/revisions"}],"predecessor-version":[{"id":448,"href":"https:\/\/www.lacgtmontreuil.fr\/index.php?rest_route=\/wp\/v2\/posts\/446\/revisions\/448"}],"wp:attachment":[{"href":"https:\/\/www.lacgtmontreuil.fr\/index.php?rest_route=%2Fwp%2Fv2%2Fmedia&parent=446"}],"wp:term":[{"taxonomy":"category","embeddable":true,"href":"https:\/\/www.lacgtmontreuil.fr\/index.php?rest_route=%2Fwp%2Fv2%2Fcategories&post=446"},{"taxonomy":"post_tag","embeddable":true,"href":"https:\/\/www.lacgtmontreuil.fr\/index.php?rest_route=%2Fwp%2Fv2%2Ftags&post=446"}],"curies":[{"name":"wp","href":"https:\/\/api.w.org\/{rel}","templated":true}]}}